{"id":6586,"date":"2023-08-04T06:57:05","date_gmt":"2023-08-04T06:57:05","guid":{"rendered":"https:\/\/veronalamiere.it\/unkategorisiert\/la-nuova-tendenza-e-un-magazzino-green\/"},"modified":"2026-04-16T13:20:33","modified_gmt":"2026-04-16T13:20:33","slug":"la-nuova-tendenza-e-un-magazzino-green","status":"publish","type":"post","link":"https:\/\/veronalamiere.it\/de\/logistik\/la-nuova-tendenza-e-un-magazzino-green\/","title":{"rendered":"Der neue Trend ist ein gr\u00fcnes Lagerhaus&#8230;"},"content":{"rendered":"<section id=\"bt_bb_section69ef10f318919\"  class=\"bt_bb_section bt_bb_layout_boxed_1200\" ><div class=\"bt_bb_port\"><div class=\"bt_bb_cell\"><div class=\"bt_bb_cell_inner\"><div class=\"bt_bb_row \"  data-bt-override-class=\"{}\"><div class=\"bt_bb_row_holder\" ><div  class=\"bt_bb_column col-xxl-6 col-xl-6 bt_bb_vertical_align_top bt_bb_align_left bt_bb_padding_normal\"  data-width=\"6\" data-bt-override-class=\"{}\"><div class=\"bt_bb_column_content\"><div  class=\"bt_bb_text\" ><\/p>\n<p>Die Lagerung von Fertigerzeugnissen in Verona Lamiere ist eine Notwendigkeit, um den von den Kunden geforderten Service f\u00fcr Produkte mit langen Produktionsvorlaufzeiten zu gew\u00e4hrleisten. Dar\u00fcber hinaus erm\u00f6glicht die zentrale Lage des neuen Lagers eine erhebliche Verk\u00fcrzung der Lagerzeit f\u00fcr eingehendes Material aus den Abteilungen (Input) und eine Verringerung der Vorbereitungszeit f\u00fcr Versandladungen (Output).<\/p>\n<p>\n<\/div><div class=\"bt_bb_separator bt_bb_border_style_none bt_bb_top_spacing_small bt_bb_bottom_spacing_small\" data-bt-override-class=\"null\"><\/div><\/div><\/div><div  class=\"bt_bb_column col-xxl-6 col-xl-6 bt_bb_vertical_align_top bt_bb_align_left bt_bb_padding_normal\"  data-width=\"6\" data-bt-override-class=\"{}\"><div class=\"bt_bb_column_content\"><div data-bb-version=\"4.6.1\" class=\"bt_bb_image bt_bb_shape_square bt_bb_target_self bt_bb_align_right bt_bb_hover_style_simple bt_bb_content_display_always bt_bb_content_align_middle bt_bb_fill_background_color_full\" data-bt-override-class=\"{&quot;bt_bb_align_&quot;:{&quot;current_class&quot;:&quot;bt_bb_align_right&quot;,&quot;def&quot;:&quot;right&quot;}}\"><span><img decoding=\"async\" width=\"600\" height=\"400\" src=\"https:\/\/veronalamiere.it\/wp-content\/uploads\/2023\/07\/VL-magazzino-green.jpg\" class=\"attachment-boldthemes_medium size-boldthemes_medium\" alt=\"VL-Lagerhaus\" data-full_image_src=\"https:\/\/veronalamiere.it\/wp-content\/uploads\/2023\/07\/VL-magazzino-green.jpg\" title=\"VL-Lagerhaus\" srcset=\"https:\/\/veronalamiere.it\/wp-content\/uploads\/2023\/07\/VL-magazzino-green.jpg 600w, https:\/\/veronalamiere.it\/wp-content\/uploads\/2023\/07\/VL-magazzino-green-320x213.jpg 320w\" sizes=\"(max-width: 600px) 100vw, 600px\" \/><\/span><\/div><div class=\"bt_bb_separator bt_bb_border_style_none bt_bb_top_spacing_small bt_bb_bottom_spacing_small\" data-bt-override-class=\"null\"><\/div><\/div><\/div><\/div><\/div><\/div><\/div><\/div><\/section>\n","protected":false},"excerpt":{"rendered":"","protected":false},"author":1,"featured_media":6561,"comment_status":"closed","ping_status":"closed","sticky":false,"template":"","format":"standard","meta":{"_jetpack_memberships_contains_paid_content":false,"footnotes":""},"categories":[58],"tags":[],"class_list":["post-6586","post","type-post","status-publish","format-standard","has-post-thumbnail","hentry","category-logistik"],"yoast_head":"<!-- This site is optimized with the Yoast SEO plugin v27.4 - https:\/\/yoast.com\/product\/yoast-seo-wordpress\/ -->\n<title>Der neue Trend ist ein gr\u00fcnes Lagerhaus... - Verona Lamiere<\/title>\n<meta name=\"robots\" content=\"index, follow, max-snippet:-1, max-image-preview:large, max-video-preview:-1\" \/>\n<link rel=\"canonical\" href=\"https:\/\/veronalamiere.it\/de\/logistik\/la-nuova-tendenza-e-un-magazzino-green\/\" \/>\n<meta property=\"og:locale\" content=\"de_DE\" \/>\n<meta property=\"og:type\" content=\"article\" \/>\n<meta property=\"og:title\" content=\"Der neue Trend ist ein gr\u00fcnes Lagerhaus... - Verona Lamiere\" \/>\n<meta property=\"og:url\" content=\"https:\/\/veronalamiere.it\/de\/logistik\/la-nuova-tendenza-e-un-magazzino-green\/\" \/>\n<meta property=\"og:site_name\" content=\"Verona Lamiere\" \/>\n<meta property=\"article:published_time\" content=\"2023-08-04T06:57:05+00:00\" \/>\n<meta property=\"article:modified_time\" content=\"2026-04-16T13:20:33+00:00\" \/>\n<meta property=\"og:image\" content=\"https:\/\/veronalamiere.it\/wp-content\/uploads\/2023\/07\/VL-head-magazzino-green.jpg\" \/>\n\t<meta property=\"og:image:width\" content=\"1280\" \/>\n\t<meta property=\"og:image:height\" content=\"720\" \/>\n\t<meta property=\"og:image:type\" content=\"image\/jpeg\" \/>\n<meta name=\"author\" content=\"admin_veronalamiere\" \/>\n<meta name=\"twitter:card\" content=\"summary_large_image\" \/>\n<meta name=\"twitter:label1\" content=\"Verfasst von\" \/>\n\t<meta name=\"twitter:data1\" content=\"admin_veronalamiere\" \/>\n\t<meta name=\"twitter:label2\" content=\"Gesch\u00e4tzte Lesezeit\" \/>\n\t<meta name=\"twitter:data2\" content=\"1\u00a0Minute\" \/>\n<script type=\"application\/ld+json\" class=\"yoast-schema-graph\">{\"@context\":\"https:\\\/\\\/schema.org\",\"@graph\":[{\"@type\":\"Article\",\"@id\":\"https:\\\/\\\/veronalamiere.it\\\/de\\\/logistik\\\/la-nuova-tendenza-e-un-magazzino-green\\\/#article\",\"isPartOf\":{\"@id\":\"https:\\\/\\\/veronalamiere.it\\\/de\\\/logistik\\\/la-nuova-tendenza-e-un-magazzino-green\\\/\"},\"author\":{\"name\":\"admin_veronalamiere\",\"@id\":\"https:\\\/\\\/veronalamiere.it\\\/de\\\/#\\\/schema\\\/person\\\/54b2104d9e5cd3a85ffddac64588ff24\"},\"headline\":\"Der neue Trend ist ein gr\u00fcnes Lagerhaus&#8230;\",\"datePublished\":\"2023-08-04T06:57:05+00:00\",\"dateModified\":\"2026-04-16T13:20:33+00:00\",\"mainEntityOfPage\":{\"@id\":\"https:\\\/\\\/veronalamiere.it\\\/de\\\/logistik\\\/la-nuova-tendenza-e-un-magazzino-green\\\/\"},\"wordCount\":247,\"publisher\":{\"@id\":\"https:\\\/\\\/veronalamiere.it\\\/de\\\/#organization\"},\"image\":{\"@id\":\"https:\\\/\\\/veronalamiere.it\\\/de\\\/logistik\\\/la-nuova-tendenza-e-un-magazzino-green\\\/#primaryimage\"},\"thumbnailUrl\":\"https:\\\/\\\/veronalamiere.it\\\/wp-content\\\/uploads\\\/2023\\\/07\\\/VL-head-magazzino-green.jpg\",\"articleSection\":[\"Logistik\"],\"inLanguage\":\"de\"},{\"@type\":\"WebPage\",\"@id\":\"https:\\\/\\\/veronalamiere.it\\\/de\\\/logistik\\\/la-nuova-tendenza-e-un-magazzino-green\\\/\",\"url\":\"https:\\\/\\\/veronalamiere.it\\\/de\\\/logistik\\\/la-nuova-tendenza-e-un-magazzino-green\\\/\",\"name\":\"Der neue Trend ist ein gr\u00fcnes Lagerhaus... - Verona Lamiere\",\"isPartOf\":{\"@id\":\"https:\\\/\\\/veronalamiere.it\\\/de\\\/#website\"},\"primaryImageOfPage\":{\"@id\":\"https:\\\/\\\/veronalamiere.it\\\/de\\\/logistik\\\/la-nuova-tendenza-e-un-magazzino-green\\\/#primaryimage\"},\"image\":{\"@id\":\"https:\\\/\\\/veronalamiere.it\\\/de\\\/logistik\\\/la-nuova-tendenza-e-un-magazzino-green\\\/#primaryimage\"},\"thumbnailUrl\":\"https:\\\/\\\/veronalamiere.it\\\/wp-content\\\/uploads\\\/2023\\\/07\\\/VL-head-magazzino-green.jpg\",\"datePublished\":\"2023-08-04T06:57:05+00:00\",\"dateModified\":\"2026-04-16T13:20:33+00:00\",\"breadcrumb\":{\"@id\":\"https:\\\/\\\/veronalamiere.it\\\/de\\\/logistik\\\/la-nuova-tendenza-e-un-magazzino-green\\\/#breadcrumb\"},\"inLanguage\":\"de\",\"potentialAction\":[{\"@type\":\"ReadAction\",\"target\":[\"https:\\\/\\\/veronalamiere.it\\\/de\\\/logistik\\\/la-nuova-tendenza-e-un-magazzino-green\\\/\"]}]},{\"@type\":\"ImageObject\",\"inLanguage\":\"de\",\"@id\":\"https:\\\/\\\/veronalamiere.it\\\/de\\\/logistik\\\/la-nuova-tendenza-e-un-magazzino-green\\\/#primaryimage\",\"url\":\"https:\\\/\\\/veronalamiere.it\\\/wp-content\\\/uploads\\\/2023\\\/07\\\/VL-head-magazzino-green.jpg\",\"contentUrl\":\"https:\\\/\\\/veronalamiere.it\\\/wp-content\\\/uploads\\\/2023\\\/07\\\/VL-head-magazzino-green.jpg\",\"width\":1280,\"height\":720,\"caption\":\"VL-Kopf-Lagerhaus-gr\u00fcn\"},{\"@type\":\"BreadcrumbList\",\"@id\":\"https:\\\/\\\/veronalamiere.it\\\/de\\\/logistik\\\/la-nuova-tendenza-e-un-magazzino-green\\\/#breadcrumb\",\"itemListElement\":[{\"@type\":\"ListItem\",\"position\":1,\"name\":\"Home\",\"item\":\"https:\\\/\\\/veronalamiere.it\\\/de\\\/\"},{\"@type\":\"ListItem\",\"position\":2,\"name\":\"Der neue Trend ist ein gr\u00fcnes Lagerhaus&#8230;\"}]},{\"@type\":\"WebSite\",\"@id\":\"https:\\\/\\\/veronalamiere.it\\\/de\\\/#website\",\"url\":\"https:\\\/\\\/veronalamiere.it\\\/de\\\/\",\"name\":\"Verona Lamiere\",\"description\":\"Ihr Partner in der Blechbearbeitung\",\"publisher\":{\"@id\":\"https:\\\/\\\/veronalamiere.it\\\/de\\\/#organization\"},\"potentialAction\":[{\"@type\":\"SearchAction\",\"target\":{\"@type\":\"EntryPoint\",\"urlTemplate\":\"https:\\\/\\\/veronalamiere.it\\\/de\\\/?s={search_term_string}\"},\"query-input\":{\"@type\":\"PropertyValueSpecification\",\"valueRequired\":true,\"valueName\":\"search_term_string\"}}],\"inLanguage\":\"de\"},{\"@type\":\"Organization\",\"@id\":\"https:\\\/\\\/veronalamiere.it\\\/de\\\/#organization\",\"name\":\"Verona Lamiere\",\"url\":\"https:\\\/\\\/veronalamiere.it\\\/de\\\/\",\"logo\":{\"@type\":\"ImageObject\",\"inLanguage\":\"de\",\"@id\":\"https:\\\/\\\/veronalamiere.it\\\/de\\\/#\\\/schema\\\/logo\\\/image\\\/\",\"url\":\"https:\\\/\\\/veronalamiere.it\\\/wp-content\\\/uploads\\\/2025\\\/06\\\/vrlamiere_logo_black.png\",\"contentUrl\":\"https:\\\/\\\/veronalamiere.it\\\/wp-content\\\/uploads\\\/2025\\\/06\\\/vrlamiere_logo_black.png\",\"width\":1452,\"height\":229,\"caption\":\"Verona Lamiere\"},\"image\":{\"@id\":\"https:\\\/\\\/veronalamiere.it\\\/de\\\/#\\\/schema\\\/logo\\\/image\\\/\"},\"sameAs\":[\"https:\\\/\\\/www.linkedin.com\\\/company\\\/verona-lamiere-s-p-a-\"]},{\"@type\":\"Person\",\"@id\":\"https:\\\/\\\/veronalamiere.it\\\/de\\\/#\\\/schema\\\/person\\\/54b2104d9e5cd3a85ffddac64588ff24\",\"name\":\"admin_veronalamiere\",\"image\":{\"@type\":\"ImageObject\",\"inLanguage\":\"de\",\"@id\":\"https:\\\/\\\/veronalamiere.it\\\/wp-content\\\/litespeed\\\/avatar\\\/bc30abcb812759a31ca2d46e81024707.jpg?ver=1776777855\",\"url\":\"https:\\\/\\\/veronalamiere.it\\\/wp-content\\\/litespeed\\\/avatar\\\/bc30abcb812759a31ca2d46e81024707.jpg?ver=1776777855\",\"contentUrl\":\"https:\\\/\\\/veronalamiere.it\\\/wp-content\\\/litespeed\\\/avatar\\\/bc30abcb812759a31ca2d46e81024707.jpg?ver=1776777855\",\"caption\":\"admin_veronalamiere\"},\"url\":\"https:\\\/\\\/veronalamiere.it\\\/de\\\/author\\\/admin_veronalamiere\\\/\"}]}<\/script>\n<!-- \/ Yoast SEO plugin. -->","yoast_head_json":{"title":"Der neue Trend ist ein gr\u00fcnes Lagerhaus... - Verona Lamiere","robots":{"index":"index","follow":"follow","max-snippet":"max-snippet:-1","max-image-preview":"max-image-preview:large","max-video-preview":"max-video-preview:-1"},"canonical":"https:\/\/veronalamiere.it\/de\/logistik\/la-nuova-tendenza-e-un-magazzino-green\/","og_locale":"de_DE","og_type":"article","og_title":"Der neue Trend ist ein gr\u00fcnes Lagerhaus... - Verona Lamiere","og_url":"https:\/\/veronalamiere.it\/de\/logistik\/la-nuova-tendenza-e-un-magazzino-green\/","og_site_name":"Verona Lamiere","article_published_time":"2023-08-04T06:57:05+00:00","article_modified_time":"2026-04-16T13:20:33+00:00","og_image":[{"width":1280,"height":720,"url":"https:\/\/veronalamiere.it\/wp-content\/uploads\/2023\/07\/VL-head-magazzino-green.jpg","type":"image\/jpeg"}],"author":"admin_veronalamiere","twitter_card":"summary_large_image","twitter_misc":{"Verfasst von":"admin_veronalamiere","Gesch\u00e4tzte Lesezeit":"1\u00a0Minute"},"schema":{"@context":"https:\/\/schema.org","@graph":[{"@type":"Article","@id":"https:\/\/veronalamiere.it\/de\/logistik\/la-nuova-tendenza-e-un-magazzino-green\/#article","isPartOf":{"@id":"https:\/\/veronalamiere.it\/de\/logistik\/la-nuova-tendenza-e-un-magazzino-green\/"},"author":{"name":"admin_veronalamiere","@id":"https:\/\/veronalamiere.it\/de\/#\/schema\/person\/54b2104d9e5cd3a85ffddac64588ff24"},"headline":"Der neue Trend ist ein gr\u00fcnes Lagerhaus&#8230;","datePublished":"2023-08-04T06:57:05+00:00","dateModified":"2026-04-16T13:20:33+00:00","mainEntityOfPage":{"@id":"https:\/\/veronalamiere.it\/de\/logistik\/la-nuova-tendenza-e-un-magazzino-green\/"},"wordCount":247,"publisher":{"@id":"https:\/\/veronalamiere.it\/de\/#organization"},"image":{"@id":"https:\/\/veronalamiere.it\/de\/logistik\/la-nuova-tendenza-e-un-magazzino-green\/#primaryimage"},"thumbnailUrl":"https:\/\/veronalamiere.it\/wp-content\/uploads\/2023\/07\/VL-head-magazzino-green.jpg","articleSection":["Logistik"],"inLanguage":"de"},{"@type":"WebPage","@id":"https:\/\/veronalamiere.it\/de\/logistik\/la-nuova-tendenza-e-un-magazzino-green\/","url":"https:\/\/veronalamiere.it\/de\/logistik\/la-nuova-tendenza-e-un-magazzino-green\/","name":"Der neue Trend ist ein gr\u00fcnes Lagerhaus... - Verona Lamiere","isPartOf":{"@id":"https:\/\/veronalamiere.it\/de\/#website"},"primaryImageOfPage":{"@id":"https:\/\/veronalamiere.it\/de\/logistik\/la-nuova-tendenza-e-un-magazzino-green\/#primaryimage"},"image":{"@id":"https:\/\/veronalamiere.it\/de\/logistik\/la-nuova-tendenza-e-un-magazzino-green\/#primaryimage"},"thumbnailUrl":"https:\/\/veronalamiere.it\/wp-content\/uploads\/2023\/07\/VL-head-magazzino-green.jpg","datePublished":"2023-08-04T06:57:05+00:00","dateModified":"2026-04-16T13:20:33+00:00","breadcrumb":{"@id":"https:\/\/veronalamiere.it\/de\/logistik\/la-nuova-tendenza-e-un-magazzino-green\/#breadcrumb"},"inLanguage":"de","potentialAction":[{"@type":"ReadAction","target":["https:\/\/veronalamiere.it\/de\/logistik\/la-nuova-tendenza-e-un-magazzino-green\/"]}]},{"@type":"ImageObject","inLanguage":"de","@id":"https:\/\/veronalamiere.it\/de\/logistik\/la-nuova-tendenza-e-un-magazzino-green\/#primaryimage","url":"https:\/\/veronalamiere.it\/wp-content\/uploads\/2023\/07\/VL-head-magazzino-green.jpg","contentUrl":"https:\/\/veronalamiere.it\/wp-content\/uploads\/2023\/07\/VL-head-magazzino-green.jpg","width":1280,"height":720,"caption":"VL-Kopf-Lagerhaus-gr\u00fcn"},{"@type":"BreadcrumbList","@id":"https:\/\/veronalamiere.it\/de\/logistik\/la-nuova-tendenza-e-un-magazzino-green\/#breadcrumb","itemListElement":[{"@type":"ListItem","position":1,"name":"Home","item":"https:\/\/veronalamiere.it\/de\/"},{"@type":"ListItem","position":2,"name":"Der neue Trend ist ein gr\u00fcnes Lagerhaus&#8230;"}]},{"@type":"WebSite","@id":"https:\/\/veronalamiere.it\/de\/#website","url":"https:\/\/veronalamiere.it\/de\/","name":"Verona Lamiere","description":"Ihr Partner in der Blechbearbeitung","publisher":{"@id":"https:\/\/veronalamiere.it\/de\/#organization"},"potentialAction":[{"@type":"SearchAction","target":{"@type":"EntryPoint","urlTemplate":"https:\/\/veronalamiere.it\/de\/?s={search_term_string}"},"query-input":{"@type":"PropertyValueSpecification","valueRequired":true,"valueName":"search_term_string"}}],"inLanguage":"de"},{"@type":"Organization","@id":"https:\/\/veronalamiere.it\/de\/#organization","name":"Verona Lamiere","url":"https:\/\/veronalamiere.it\/de\/","logo":{"@type":"ImageObject","inLanguage":"de","@id":"https:\/\/veronalamiere.it\/de\/#\/schema\/logo\/image\/","url":"https:\/\/veronalamiere.it\/wp-content\/uploads\/2025\/06\/vrlamiere_logo_black.png","contentUrl":"https:\/\/veronalamiere.it\/wp-content\/uploads\/2025\/06\/vrlamiere_logo_black.png","width":1452,"height":229,"caption":"Verona Lamiere"},"image":{"@id":"https:\/\/veronalamiere.it\/de\/#\/schema\/logo\/image\/"},"sameAs":["https:\/\/www.linkedin.com\/company\/verona-lamiere-s-p-a-"]},{"@type":"Person","@id":"https:\/\/veronalamiere.it\/de\/#\/schema\/person\/54b2104d9e5cd3a85ffddac64588ff24","name":"admin_veronalamiere","image":{"@type":"ImageObject","inLanguage":"de","@id":"https:\/\/veronalamiere.it\/wp-content\/litespeed\/avatar\/bc30abcb812759a31ca2d46e81024707.jpg?ver=1776777855","url":"https:\/\/veronalamiere.it\/wp-content\/litespeed\/avatar\/bc30abcb812759a31ca2d46e81024707.jpg?ver=1776777855","contentUrl":"https:\/\/veronalamiere.it\/wp-content\/litespeed\/avatar\/bc30abcb812759a31ca2d46e81024707.jpg?ver=1776777855","caption":"admin_veronalamiere"},"url":"https:\/\/veronalamiere.it\/de\/author\/admin_veronalamiere\/"}]}},"jetpack_featured_media_url":"https:\/\/veronalamiere.it\/wp-content\/uploads\/2023\/07\/VL-head-magazzino-green.jpg","jetpack_sharing_enabled":true,"_links":{"self":[{"href":"https:\/\/veronalamiere.it\/de\/wp-json\/wp\/v2\/posts\/6586","targetHints":{"allow":["GET"]}}],"collection":[{"href":"https:\/\/veronalamiere.it\/de\/wp-json\/wp\/v2\/posts"}],"about":[{"href":"https:\/\/veronalamiere.it\/de\/wp-json\/wp\/v2\/types\/post"}],"author":[{"embeddable":true,"href":"https:\/\/veronalamiere.it\/de\/wp-json\/wp\/v2\/users\/1"}],"replies":[{"embeddable":true,"href":"https:\/\/veronalamiere.it\/de\/wp-json\/wp\/v2\/comments?post=6586"}],"version-history":[{"count":11,"href":"https:\/\/veronalamiere.it\/de\/wp-json\/wp\/v2\/posts\/6586\/revisions"}],"predecessor-version":[{"id":9623,"href":"https:\/\/veronalamiere.it\/de\/wp-json\/wp\/v2\/posts\/6586\/revisions\/9623"}],"wp:featuredmedia":[{"embeddable":true,"href":"https:\/\/veronalamiere.it\/de\/wp-json\/wp\/v2\/media\/6561"}],"wp:attachment":[{"href":"https:\/\/veronalamiere.it\/de\/wp-json\/wp\/v2\/media?parent=6586"}],"wp:term":[{"taxonomy":"category","embeddable":true,"href":"https:\/\/veronalamiere.it\/de\/wp-json\/wp\/v2\/categories?post=6586"},{"taxonomy":"post_tag","embeddable":true,"href":"https:\/\/veronalamiere.it\/de\/wp-json\/wp\/v2\/tags?post=6586"}],"curies":[{"name":"wp","href":"https:\/\/api.w.org\/{rel}","templated":true}]}}