{"id":6724,"date":"2023-11-23T08:30:03","date_gmt":"2023-11-23T08:30:03","guid":{"rendered":"https:\/\/veronalamiere.it\/?p=6724"},"modified":"2026-04-16T13:22:47","modified_gmt":"2026-04-16T13:22:47","slug":"un-global-compact-2023","status":"publish","type":"post","link":"https:\/\/veronalamiere.it\/de\/unternehmen\/un-global-compact-2023\/","title":{"rendered":"UN Global Compact 2023"},"content":{"rendered":"<section id=\"bt_bb_section69f2f72f444c8\"  class=\"bt_bb_section bt_bb_layout_boxed_1200\" ><div class=\"bt_bb_port\"><div class=\"bt_bb_cell\"><div class=\"bt_bb_cell_inner\"><div class=\"bt_bb_row \"  data-bt-override-class=\"{}\"><div class=\"bt_bb_row_holder\" ><div  class=\"bt_bb_column col-xxl-6 col-xl-6 bt_bb_vertical_align_top bt_bb_align_left bt_bb_padding_normal\"  data-width=\"6\" data-bt-override-class=\"{}\"><div class=\"bt_bb_column_content\"><div  class=\"bt_bb_text\" ><\/p>\n<p>Der UN Global Compact ermutigt Unternehmen auf der ganzen Welt, einen wirtschaftlichen, sozialen und \u00f6kologischen Rahmen zu schaffen, um eine gesunde und nachhaltige Weltwirtschaft zu f\u00f6rdern, die jedem die M\u00f6glichkeit gibt, an ihren Vorteilen teilzuhaben.<\/p>\n<p>Zu diesem Zweck verlangt der UN Global Compact von Unternehmen und Organisationen, die ihm beitreten, dass sie in ihrem Einflussbereich eine Reihe grundlegender Prinzipien in Bezug auf Menschenrechte, Arbeitsnormen, Umweltschutz und Korruptionsbek\u00e4mpfung teilen, unterst\u00fctzen und anwenden.<\/p>\n<p>Alle Unternehmen, die aus eigenem Recht bestehen und einem beliebigen Industriesektor angeh\u00f6ren, k\u00f6nnen dem UN Global Compact beitreten.<\/p>\n<p>Verona Lamiere ist der Initiative seit 2012 beigetreten.<\/p>\n<p>\n<\/div><div class=\"bt_bb_separator bt_bb_border_style_none bt_bb_top_spacing_small bt_bb_bottom_spacing_small\" data-bt-override-class=\"null\"><\/div><\/div><\/div><div  class=\"bt_bb_column col-xxl-6 col-xl-6 bt_bb_vertical_align_top bt_bb_align_left bt_bb_padding_normal\"  data-width=\"6\" data-bt-override-class=\"{}\"><div class=\"bt_bb_column_content\"><div data-bb-version=\"4.7.6\" class=\"bt_bb_image bt_bb_shape_square bt_bb_target_self bt_bb_align_right bt_bb_hover_style_simple bt_bb_content_display_always bt_bb_content_align_middle bt_bb_fill_background_color_full\" data-bt-override-class=\"{&quot;bt_bb_align_&quot;:{&quot;current_class&quot;:&quot;bt_bb_align_right&quot;,&quot;def&quot;:&quot;right&quot;},&quot;bt_bb_content_display_&quot;:{&quot;current_class&quot;:&quot;bt_bb_content_display_always&quot;,&quot;def&quot;:&quot;always&quot;}}\"><span><img decoding=\"async\" width=\"600\" height=\"400\" src=\"https:\/\/veronalamiere.it\/wp-content\/uploads\/2023\/11\/Verona-Lamiere-UN-Global-Compact.jpg\" class=\"attachment-boldthemes_medium size-boldthemes_medium\" alt=\"Verona-Lamiere-UN-Global-Compact\" data-full_image_src=\"https:\/\/veronalamiere.it\/wp-content\/uploads\/2023\/11\/Verona-Lamiere-UN-Global-Compact.jpg\" title=\"Verona-Lamiere-UN-Global-Compact\" srcset=\"https:\/\/veronalamiere.it\/wp-content\/uploads\/2023\/11\/Verona-Lamiere-UN-Global-Compact.jpg 600w, https:\/\/veronalamiere.it\/wp-content\/uploads\/2023\/11\/Verona-Lamiere-UN-Global-Compact-320x213.jpg 320w\" sizes=\"(max-width: 600px) 100vw, 600px\" \/><\/span><\/div><div class=\"bt_bb_separator bt_bb_border_style_none bt_bb_top_spacing_small bt_bb_bottom_spacing_small\" data-bt-override-class=\"null\"><\/div><\/div><\/div><\/div><\/div><\/div><\/div><\/div><\/section>\n","protected":false},"excerpt":{"rendered":"","protected":false},"author":1,"featured_media":6719,"comment_status":"closed","ping_status":"closed","sticky":false,"template":"","format":"standard","meta":{"_jetpack_memberships_contains_paid_content":false,"footnotes":""},"categories":[54],"tags":[],"class_list":["post-6724","post","type-post","status-publish","format-standard","has-post-thumbnail","hentry","category-unternehmen"],"yoast_head":"<!-- This site is optimized with the Yoast SEO plugin v27.5 - https:\/\/yoast.com\/product\/yoast-seo-wordpress\/ -->\n<title>UN Global Compact 2023 - Verona Lamiere<\/title>\n<meta name=\"robots\" content=\"index, follow, max-snippet:-1, max-image-preview:large, max-video-preview:-1\" \/>\n<link rel=\"canonical\" href=\"https:\/\/veronalamiere.it\/de\/unternehmen\/un-global-compact-2023\/\" \/>\n<meta property=\"og:locale\" content=\"de_DE\" \/>\n<meta property=\"og:type\" content=\"article\" \/>\n<meta property=\"og:title\" content=\"UN Global Compact 2023 - Verona Lamiere\" \/>\n<meta property=\"og:url\" content=\"https:\/\/veronalamiere.it\/de\/unternehmen\/un-global-compact-2023\/\" \/>\n<meta property=\"og:site_name\" content=\"Verona Lamiere\" \/>\n<meta property=\"article:published_time\" content=\"2023-11-23T08:30:03+00:00\" \/>\n<meta property=\"article:modified_time\" content=\"2026-04-16T13:22:47+00:00\" \/>\n<meta property=\"og:image\" content=\"https:\/\/veronalamiere.it\/wp-content\/uploads\/2023\/11\/Verona-Lamiere-header-UN-Global-Compact.jpg\" \/>\n\t<meta property=\"og:image:width\" content=\"1280\" \/>\n\t<meta property=\"og:image:height\" content=\"720\" \/>\n\t<meta property=\"og:image:type\" content=\"image\/jpeg\" \/>\n<meta name=\"author\" content=\"admin_veronalamiere\" \/>\n<meta name=\"twitter:card\" content=\"summary_large_image\" \/>\n<meta name=\"twitter:label1\" content=\"Verfasst von\" \/>\n\t<meta name=\"twitter:data1\" content=\"admin_veronalamiere\" \/>\n\t<meta name=\"twitter:label2\" content=\"Gesch\u00e4tzte Lesezeit\" \/>\n\t<meta name=\"twitter:data2\" content=\"1\u00a0Minute\" \/>\n<script type=\"application\/ld+json\" class=\"yoast-schema-graph\">{\"@context\":\"https:\\\/\\\/schema.org\",\"@graph\":[{\"@type\":\"Article\",\"@id\":\"https:\\\/\\\/veronalamiere.it\\\/de\\\/unternehmen\\\/un-global-compact-2023\\\/#article\",\"isPartOf\":{\"@id\":\"https:\\\/\\\/veronalamiere.it\\\/de\\\/unternehmen\\\/un-global-compact-2023\\\/\"},\"author\":{\"name\":\"admin_veronalamiere\",\"@id\":\"https:\\\/\\\/veronalamiere.it\\\/de\\\/#\\\/schema\\\/person\\\/54b2104d9e5cd3a85ffddac64588ff24\"},\"headline\":\"UN Global Compact 2023\",\"datePublished\":\"2023-11-23T08:30:03+00:00\",\"dateModified\":\"2026-04-16T13:22:47+00:00\",\"mainEntityOfPage\":{\"@id\":\"https:\\\/\\\/veronalamiere.it\\\/de\\\/unternehmen\\\/un-global-compact-2023\\\/\"},\"wordCount\":295,\"publisher\":{\"@id\":\"https:\\\/\\\/veronalamiere.it\\\/de\\\/#organization\"},\"image\":{\"@id\":\"https:\\\/\\\/veronalamiere.it\\\/de\\\/unternehmen\\\/un-global-compact-2023\\\/#primaryimage\"},\"thumbnailUrl\":\"https:\\\/\\\/veronalamiere.it\\\/wp-content\\\/uploads\\\/2023\\\/11\\\/Verona-Lamiere-header-UN-Global-Compact.jpg\",\"articleSection\":[\"Unternehmen\"],\"inLanguage\":\"de\"},{\"@type\":\"WebPage\",\"@id\":\"https:\\\/\\\/veronalamiere.it\\\/de\\\/unternehmen\\\/un-global-compact-2023\\\/\",\"url\":\"https:\\\/\\\/veronalamiere.it\\\/de\\\/unternehmen\\\/un-global-compact-2023\\\/\",\"name\":\"UN Global Compact 2023 - Verona Lamiere\",\"isPartOf\":{\"@id\":\"https:\\\/\\\/veronalamiere.it\\\/de\\\/#website\"},\"primaryImageOfPage\":{\"@id\":\"https:\\\/\\\/veronalamiere.it\\\/de\\\/unternehmen\\\/un-global-compact-2023\\\/#primaryimage\"},\"image\":{\"@id\":\"https:\\\/\\\/veronalamiere.it\\\/de\\\/unternehmen\\\/un-global-compact-2023\\\/#primaryimage\"},\"thumbnailUrl\":\"https:\\\/\\\/veronalamiere.it\\\/wp-content\\\/uploads\\\/2023\\\/11\\\/Verona-Lamiere-header-UN-Global-Compact.jpg\",\"datePublished\":\"2023-11-23T08:30:03+00:00\",\"dateModified\":\"2026-04-16T13:22:47+00:00\",\"breadcrumb\":{\"@id\":\"https:\\\/\\\/veronalamiere.it\\\/de\\\/unternehmen\\\/un-global-compact-2023\\\/#breadcrumb\"},\"inLanguage\":\"de\",\"potentialAction\":[{\"@type\":\"ReadAction\",\"target\":[\"https:\\\/\\\/veronalamiere.it\\\/de\\\/unternehmen\\\/un-global-compact-2023\\\/\"]}]},{\"@type\":\"ImageObject\",\"inLanguage\":\"de\",\"@id\":\"https:\\\/\\\/veronalamiere.it\\\/de\\\/unternehmen\\\/un-global-compact-2023\\\/#primaryimage\",\"url\":\"https:\\\/\\\/veronalamiere.it\\\/wp-content\\\/uploads\\\/2023\\\/11\\\/Verona-Lamiere-header-UN-Global-Compact.jpg\",\"contentUrl\":\"https:\\\/\\\/veronalamiere.it\\\/wp-content\\\/uploads\\\/2023\\\/11\\\/Verona-Lamiere-header-UN-Global-Compact.jpg\",\"width\":1280,\"height\":720,\"caption\":\"Verona-Blech-Header-UN-Global-Compact\"},{\"@type\":\"BreadcrumbList\",\"@id\":\"https:\\\/\\\/veronalamiere.it\\\/de\\\/unternehmen\\\/un-global-compact-2023\\\/#breadcrumb\",\"itemListElement\":[{\"@type\":\"ListItem\",\"position\":1,\"name\":\"Home\",\"item\":\"https:\\\/\\\/veronalamiere.it\\\/de\\\/\"},{\"@type\":\"ListItem\",\"position\":2,\"name\":\"UN Global Compact 2023\"}]},{\"@type\":\"WebSite\",\"@id\":\"https:\\\/\\\/veronalamiere.it\\\/de\\\/#website\",\"url\":\"https:\\\/\\\/veronalamiere.it\\\/de\\\/\",\"name\":\"Verona Lamiere\",\"description\":\"Ihr Partner in der Blechbearbeitung\",\"publisher\":{\"@id\":\"https:\\\/\\\/veronalamiere.it\\\/de\\\/#organization\"},\"potentialAction\":[{\"@type\":\"SearchAction\",\"target\":{\"@type\":\"EntryPoint\",\"urlTemplate\":\"https:\\\/\\\/veronalamiere.it\\\/de\\\/?s={search_term_string}\"},\"query-input\":{\"@type\":\"PropertyValueSpecification\",\"valueRequired\":true,\"valueName\":\"search_term_string\"}}],\"inLanguage\":\"de\"},{\"@type\":\"Organization\",\"@id\":\"https:\\\/\\\/veronalamiere.it\\\/de\\\/#organization\",\"name\":\"Verona Lamiere\",\"url\":\"https:\\\/\\\/veronalamiere.it\\\/de\\\/\",\"logo\":{\"@type\":\"ImageObject\",\"inLanguage\":\"de\",\"@id\":\"https:\\\/\\\/veronalamiere.it\\\/de\\\/#\\\/schema\\\/logo\\\/image\\\/\",\"url\":\"https:\\\/\\\/veronalamiere.it\\\/wp-content\\\/uploads\\\/2025\\\/06\\\/vrlamiere_logo_black.png\",\"contentUrl\":\"https:\\\/\\\/veronalamiere.it\\\/wp-content\\\/uploads\\\/2025\\\/06\\\/vrlamiere_logo_black.png\",\"width\":1452,\"height\":229,\"caption\":\"Verona Lamiere\"},\"image\":{\"@id\":\"https:\\\/\\\/veronalamiere.it\\\/de\\\/#\\\/schema\\\/logo\\\/image\\\/\"},\"sameAs\":[\"https:\\\/\\\/www.linkedin.com\\\/company\\\/verona-lamiere-s-p-a-\"]},{\"@type\":\"Person\",\"@id\":\"https:\\\/\\\/veronalamiere.it\\\/de\\\/#\\\/schema\\\/person\\\/54b2104d9e5cd3a85ffddac64588ff24\",\"name\":\"admin_veronalamiere\",\"image\":{\"@type\":\"ImageObject\",\"inLanguage\":\"de\",\"@id\":\"https:\\\/\\\/veronalamiere.it\\\/wp-content\\\/litespeed\\\/avatar\\\/bc30abcb812759a31ca2d46e81024707.jpg?ver=1777383035\",\"url\":\"https:\\\/\\\/veronalamiere.it\\\/wp-content\\\/litespeed\\\/avatar\\\/bc30abcb812759a31ca2d46e81024707.jpg?ver=1777383035\",\"contentUrl\":\"https:\\\/\\\/veronalamiere.it\\\/wp-content\\\/litespeed\\\/avatar\\\/bc30abcb812759a31ca2d46e81024707.jpg?ver=1777383035\",\"caption\":\"admin_veronalamiere\"},\"url\":\"https:\\\/\\\/veronalamiere.it\\\/de\\\/author\\\/admin_veronalamiere\\\/\"}]}<\/script>\n<!-- \/ Yoast SEO plugin. -->","yoast_head_json":{"title":"UN Global Compact 2023 - Verona Lamiere","robots":{"index":"index","follow":"follow","max-snippet":"max-snippet:-1","max-image-preview":"max-image-preview:large","max-video-preview":"max-video-preview:-1"},"canonical":"https:\/\/veronalamiere.it\/de\/unternehmen\/un-global-compact-2023\/","og_locale":"de_DE","og_type":"article","og_title":"UN Global Compact 2023 - Verona Lamiere","og_url":"https:\/\/veronalamiere.it\/de\/unternehmen\/un-global-compact-2023\/","og_site_name":"Verona Lamiere","article_published_time":"2023-11-23T08:30:03+00:00","article_modified_time":"2026-04-16T13:22:47+00:00","og_image":[{"width":1280,"height":720,"url":"https:\/\/veronalamiere.it\/wp-content\/uploads\/2023\/11\/Verona-Lamiere-header-UN-Global-Compact.jpg","type":"image\/jpeg"}],"author":"admin_veronalamiere","twitter_card":"summary_large_image","twitter_misc":{"Verfasst von":"admin_veronalamiere","Gesch\u00e4tzte Lesezeit":"1\u00a0Minute"},"schema":{"@context":"https:\/\/schema.org","@graph":[{"@type":"Article","@id":"https:\/\/veronalamiere.it\/de\/unternehmen\/un-global-compact-2023\/#article","isPartOf":{"@id":"https:\/\/veronalamiere.it\/de\/unternehmen\/un-global-compact-2023\/"},"author":{"name":"admin_veronalamiere","@id":"https:\/\/veronalamiere.it\/de\/#\/schema\/person\/54b2104d9e5cd3a85ffddac64588ff24"},"headline":"UN Global Compact 2023","datePublished":"2023-11-23T08:30:03+00:00","dateModified":"2026-04-16T13:22:47+00:00","mainEntityOfPage":{"@id":"https:\/\/veronalamiere.it\/de\/unternehmen\/un-global-compact-2023\/"},"wordCount":295,"publisher":{"@id":"https:\/\/veronalamiere.it\/de\/#organization"},"image":{"@id":"https:\/\/veronalamiere.it\/de\/unternehmen\/un-global-compact-2023\/#primaryimage"},"thumbnailUrl":"https:\/\/veronalamiere.it\/wp-content\/uploads\/2023\/11\/Verona-Lamiere-header-UN-Global-Compact.jpg","articleSection":["Unternehmen"],"inLanguage":"de"},{"@type":"WebPage","@id":"https:\/\/veronalamiere.it\/de\/unternehmen\/un-global-compact-2023\/","url":"https:\/\/veronalamiere.it\/de\/unternehmen\/un-global-compact-2023\/","name":"UN Global Compact 2023 - Verona Lamiere","isPartOf":{"@id":"https:\/\/veronalamiere.it\/de\/#website"},"primaryImageOfPage":{"@id":"https:\/\/veronalamiere.it\/de\/unternehmen\/un-global-compact-2023\/#primaryimage"},"image":{"@id":"https:\/\/veronalamiere.it\/de\/unternehmen\/un-global-compact-2023\/#primaryimage"},"thumbnailUrl":"https:\/\/veronalamiere.it\/wp-content\/uploads\/2023\/11\/Verona-Lamiere-header-UN-Global-Compact.jpg","datePublished":"2023-11-23T08:30:03+00:00","dateModified":"2026-04-16T13:22:47+00:00","breadcrumb":{"@id":"https:\/\/veronalamiere.it\/de\/unternehmen\/un-global-compact-2023\/#breadcrumb"},"inLanguage":"de","potentialAction":[{"@type":"ReadAction","target":["https:\/\/veronalamiere.it\/de\/unternehmen\/un-global-compact-2023\/"]}]},{"@type":"ImageObject","inLanguage":"de","@id":"https:\/\/veronalamiere.it\/de\/unternehmen\/un-global-compact-2023\/#primaryimage","url":"https:\/\/veronalamiere.it\/wp-content\/uploads\/2023\/11\/Verona-Lamiere-header-UN-Global-Compact.jpg","contentUrl":"https:\/\/veronalamiere.it\/wp-content\/uploads\/2023\/11\/Verona-Lamiere-header-UN-Global-Compact.jpg","width":1280,"height":720,"caption":"Verona-Blech-Header-UN-Global-Compact"},{"@type":"BreadcrumbList","@id":"https:\/\/veronalamiere.it\/de\/unternehmen\/un-global-compact-2023\/#breadcrumb","itemListElement":[{"@type":"ListItem","position":1,"name":"Home","item":"https:\/\/veronalamiere.it\/de\/"},{"@type":"ListItem","position":2,"name":"UN Global Compact 2023"}]},{"@type":"WebSite","@id":"https:\/\/veronalamiere.it\/de\/#website","url":"https:\/\/veronalamiere.it\/de\/","name":"Verona Lamiere","description":"Ihr Partner in der Blechbearbeitung","publisher":{"@id":"https:\/\/veronalamiere.it\/de\/#organization"},"potentialAction":[{"@type":"SearchAction","target":{"@type":"EntryPoint","urlTemplate":"https:\/\/veronalamiere.it\/de\/?s={search_term_string}"},"query-input":{"@type":"PropertyValueSpecification","valueRequired":true,"valueName":"search_term_string"}}],"inLanguage":"de"},{"@type":"Organization","@id":"https:\/\/veronalamiere.it\/de\/#organization","name":"Verona Lamiere","url":"https:\/\/veronalamiere.it\/de\/","logo":{"@type":"ImageObject","inLanguage":"de","@id":"https:\/\/veronalamiere.it\/de\/#\/schema\/logo\/image\/","url":"https:\/\/veronalamiere.it\/wp-content\/uploads\/2025\/06\/vrlamiere_logo_black.png","contentUrl":"https:\/\/veronalamiere.it\/wp-content\/uploads\/2025\/06\/vrlamiere_logo_black.png","width":1452,"height":229,"caption":"Verona Lamiere"},"image":{"@id":"https:\/\/veronalamiere.it\/de\/#\/schema\/logo\/image\/"},"sameAs":["https:\/\/www.linkedin.com\/company\/verona-lamiere-s-p-a-"]},{"@type":"Person","@id":"https:\/\/veronalamiere.it\/de\/#\/schema\/person\/54b2104d9e5cd3a85ffddac64588ff24","name":"admin_veronalamiere","image":{"@type":"ImageObject","inLanguage":"de","@id":"https:\/\/veronalamiere.it\/wp-content\/litespeed\/avatar\/bc30abcb812759a31ca2d46e81024707.jpg?ver=1777383035","url":"https:\/\/veronalamiere.it\/wp-content\/litespeed\/avatar\/bc30abcb812759a31ca2d46e81024707.jpg?ver=1777383035","contentUrl":"https:\/\/veronalamiere.it\/wp-content\/litespeed\/avatar\/bc30abcb812759a31ca2d46e81024707.jpg?ver=1777383035","caption":"admin_veronalamiere"},"url":"https:\/\/veronalamiere.it\/de\/author\/admin_veronalamiere\/"}]}},"jetpack_featured_media_url":"https:\/\/veronalamiere.it\/wp-content\/uploads\/2023\/11\/Verona-Lamiere-header-UN-Global-Compact.jpg","jetpack_sharing_enabled":true,"_links":{"self":[{"href":"https:\/\/veronalamiere.it\/de\/wp-json\/wp\/v2\/posts\/6724","targetHints":{"allow":["GET"]}}],"collection":[{"href":"https:\/\/veronalamiere.it\/de\/wp-json\/wp\/v2\/posts"}],"about":[{"href":"https:\/\/veronalamiere.it\/de\/wp-json\/wp\/v2\/types\/post"}],"author":[{"embeddable":true,"href":"https:\/\/veronalamiere.it\/de\/wp-json\/wp\/v2\/users\/1"}],"replies":[{"embeddable":true,"href":"https:\/\/veronalamiere.it\/de\/wp-json\/wp\/v2\/comments?post=6724"}],"version-history":[{"count":6,"href":"https:\/\/veronalamiere.it\/de\/wp-json\/wp\/v2\/posts\/6724\/revisions"}],"predecessor-version":[{"id":9686,"href":"https:\/\/veronalamiere.it\/de\/wp-json\/wp\/v2\/posts\/6724\/revisions\/9686"}],"wp:featuredmedia":[{"embeddable":true,"href":"https:\/\/veronalamiere.it\/de\/wp-json\/wp\/v2\/media\/6719"}],"wp:attachment":[{"href":"https:\/\/veronalamiere.it\/de\/wp-json\/wp\/v2\/media?parent=6724"}],"wp:term":[{"taxonomy":"category","embeddable":true,"href":"https:\/\/veronalamiere.it\/de\/wp-json\/wp\/v2\/categories?post=6724"},{"taxonomy":"post_tag","embeddable":true,"href":"https:\/\/veronalamiere.it\/de\/wp-json\/wp\/v2\/tags?post=6724"}],"curies":[{"name":"wp","href":"https:\/\/api.w.org\/{rel}","templated":true}]}}