{"id":5097,"date":"2020-07-15T13:09:58","date_gmt":"2020-07-15T13:09:58","guid":{"rendered":"https:\/\/veronalamiere.24co.it\/non-classifiee\/verona-lamiere-integre-le-pmo-interview-de-m-capitanio-responsable-du-bureau-technique\/"},"modified":"2020-11-11T11:03:24","modified_gmt":"2020-11-11T11:03:24","slug":"verona-lamiere-integre-le-pmo-interview-de-m-capitanio-responsable-du-bureau-technique","status":"publish","type":"post","link":"https:\/\/veronalamiere.it\/fr\/societe\/verona-lamiere-integre-le-pmo-interview-de-m-capitanio-responsable-du-bureau-technique\/","title":{"rendered":"Verona Lamiere int\u00e8gre le PMO, interview de M. Capitanio &#8211; Responsable du bureau technique"},"content":{"rendered":"<p><section id=\"bt_bb_section69f258d193c20\"  class=\"bt_bb_section bt_bb_layout_boxed_1200\" ><div class=\"bt_bb_port\"><div class=\"bt_bb_cell\"><div class=\"bt_bb_cell_inner\"><div class=\"bt_bb_row \"  data-bt-override-class=\"{}\"><div class=\"bt_bb_row_holder\" ><div  class=\"bt_bb_column col-xxl-12 col-xl-12 bt_bb_vertical_align_top bt_bb_align_left bt_bb_padding_normal\"  data-width=\"12\" data-bt-override-class=\"{}\"><div class=\"bt_bb_column_content\"><div  class=\"bt_bb_text\" ><\/p>\n<p>M. Stefano Capitanio, chef du bureau technique et membre du PMO \u00e0 Verona Lamiere S.p.A., raconte comment l\u2019introduction de la gestion de projet dans l\u2019entreprise a eu lieu pour r\u00e9pondre \u00e0 un besoin du march\u00e9, qui n\u00e9cessitait une meilleure gestion de la production et en particulier des \u00e9chantillons. M. Capitanio d\u00e9crit la collaboration avec Synnova, l\u2019analyse effectu\u00e9e sur les processus de l\u2019entreprise, l\u2019identification des points d\u2019am\u00e9lioration du syst\u00e8me de production et les principales phases de la cr\u00e9ation du PMO, cr\u00e9\u00e9s avec la participation de toutes les fonctions de l\u2019entreprise, en particulier les responsables des diff\u00e9rents d\u00e9partements op\u00e9rationnels et de production de Verona Lamiere, qui sont des \u00e9l\u00e9ments essentiels pour le d\u00e9veloppement du PMO. \u00c9coutez cette interview et d\u00e9couvrez comment la gestion de projet a \u00e9t\u00e9 introduite et d\u00e9velopp\u00e9e dans cette entreprise italienne, et la fa\u00e7on dont le PMO de l\u2019entreprise a d\u00e9but\u00e9.<\/p>\n<p>\n<\/div><div class=\"bt_bb_separator bt_bb_border_style_none bt_bb_top_spacing_small bt_bb_bottom_spacing_small\" data-bt-override-class=\"null\"><\/div><div class=\"bt_bb_button bt_bb_icon_position_left bt_bb_style_outline bt_bb_size_small bt_bb_width_inline bt_bb_shape_inherit bt_bb_target_blank bt_bb_align_inherit\" data-bt-override-class=\"{}\"><a href=\"https:\/\/synnova.it\/\" target=\"_blank\" class=\"bt_bb_link\" title=\"En collaboration avec Synnova\"><span class=\"bt_bb_button_text\" >En collaboration avec Synnova<\/span><\/a><\/div><\/div><\/div><\/div><\/div><\/div><\/div><\/div><\/section><section id=\"bt_bb_section69f258d19400a\"  class=\"bt_bb_section bt_bb_layout_boxed_1200\" ><div class=\"bt_bb_port\"><div class=\"bt_bb_cell\"><div class=\"bt_bb_cell_inner\"><div class=\"bt_bb_row \"  data-bt-override-class=\"{}\"><div class=\"bt_bb_row_holder\" ><\/div><\/div><div class=\"bt_bb_row \"  data-bt-override-class=\"{}\"><div class=\"bt_bb_row_holder\" ><div  class=\"bt_bb_column col-xxl-12 col-xl-12 bt_bb_vertical_align_top bt_bb_align_left bt_bb_padding_normal\"  data-width=\"12\" data-bt-override-class=\"{}\"><div class=\"bt_bb_column_content\"><div class=\"bt_bb_separator bt_bb_border_style_none bt_bb_top_spacing_normal bt_bb_bottom_spacing_normal\" data-bt-override-class=\"null\"><\/div><div class=\"bt_bb_video bt_bb_disable_controls_no\"><div class=\"bt-video-container\"><div style=\"width: 100%;\" class=\"wp-video\"><video class=\"wp-video-shortcode\" id=\"video-5097-1\" width=\"640\" height=\"360\" preload=\"metadata\" controls=\"controls\"><source type=\"video\/vimeo\" src=\"https:\/\/vimeo.com\/461345575?loop=0&#038;_=1\" \/><a href=\"https:\/\/vimeo.com\/461345575?loop=0\">https:\/\/vimeo.com\/461345575?loop=0<\/a><\/video><\/div><\/div><\/div><\/div><\/div><\/div><\/div><\/div><\/div><\/div><\/section><\/p>\n","protected":false},"excerpt":{"rendered":"","protected":false},"author":1,"featured_media":0,"comment_status":"closed","ping_status":"open","sticky":false,"template":"","format":"standard","meta":{"_jetpack_memberships_contains_paid_content":false,"footnotes":""},"categories":[55],"tags":[],"class_list":["post-5097","post","type-post","status-publish","format-standard","hentry","category-societe"],"yoast_head":"<!-- This site is optimized with the Yoast SEO plugin v27.5 - https:\/\/yoast.com\/product\/yoast-seo-wordpress\/ -->\n<title>Verona Lamiere int\u00e8gre le PMO, interview de M. Capitanio - Responsable du bureau technique - Verona Lamiere<\/title>\n<meta name=\"robots\" content=\"index, follow, max-snippet:-1, max-image-preview:large, max-video-preview:-1\" \/>\n<link rel=\"canonical\" href=\"https:\/\/veronalamiere.it\/fr\/societe\/verona-lamiere-integre-le-pmo-interview-de-m-capitanio-responsable-du-bureau-technique\/\" \/>\n<meta property=\"og:locale\" content=\"fr_FR\" \/>\n<meta property=\"og:type\" content=\"article\" \/>\n<meta property=\"og:title\" content=\"Verona Lamiere int\u00e8gre le PMO, interview de M. Capitanio - Responsable du bureau technique - Verona Lamiere\" \/>\n<meta property=\"og:url\" content=\"https:\/\/veronalamiere.it\/fr\/societe\/verona-lamiere-integre-le-pmo-interview-de-m-capitanio-responsable-du-bureau-technique\/\" \/>\n<meta property=\"og:site_name\" content=\"Verona Lamiere\" \/>\n<meta property=\"article:published_time\" content=\"2020-07-15T13:09:58+00:00\" \/>\n<meta property=\"article:modified_time\" content=\"2020-11-11T11:03:24+00:00\" \/>\n<meta name=\"author\" content=\"admin_veronalamiere\" \/>\n<meta name=\"twitter:card\" content=\"summary_large_image\" \/>\n<meta name=\"twitter:label1\" content=\"\u00c9crit par\" \/>\n\t<meta name=\"twitter:data1\" content=\"admin_veronalamiere\" \/>\n\t<meta name=\"twitter:label2\" content=\"Dur\u00e9e de lecture estim\u00e9e\" \/>\n\t<meta name=\"twitter:data2\" content=\"2 minutes\" \/>\n<script type=\"application\/ld+json\" class=\"yoast-schema-graph\">{\"@context\":\"https:\\\/\\\/schema.org\",\"@graph\":[{\"@type\":\"Article\",\"@id\":\"https:\\\/\\\/veronalamiere.it\\\/fr\\\/societe\\\/verona-lamiere-integre-le-pmo-interview-de-m-capitanio-responsable-du-bureau-technique\\\/#article\",\"isPartOf\":{\"@id\":\"https:\\\/\\\/veronalamiere.it\\\/fr\\\/societe\\\/verona-lamiere-integre-le-pmo-interview-de-m-capitanio-responsable-du-bureau-technique\\\/\"},\"author\":{\"name\":\"admin_veronalamiere\",\"@id\":\"https:\\\/\\\/veronalamiere.it\\\/fr\\\/#\\\/schema\\\/person\\\/54b2104d9e5cd3a85ffddac64588ff24\"},\"headline\":\"Verona Lamiere int\u00e8gre le PMO, interview de M. Capitanio &#8211; Responsable du bureau technique\",\"datePublished\":\"2020-07-15T13:09:58+00:00\",\"dateModified\":\"2020-11-11T11:03:24+00:00\",\"mainEntityOfPage\":{\"@id\":\"https:\\\/\\\/veronalamiere.it\\\/fr\\\/societe\\\/verona-lamiere-integre-le-pmo-interview-de-m-capitanio-responsable-du-bureau-technique\\\/\"},\"wordCount\":403,\"publisher\":{\"@id\":\"https:\\\/\\\/veronalamiere.it\\\/fr\\\/#organization\"},\"articleSection\":[\"Soci\u00e9t\u00e9\"],\"inLanguage\":\"fr-FR\"},{\"@type\":\"WebPage\",\"@id\":\"https:\\\/\\\/veronalamiere.it\\\/fr\\\/societe\\\/verona-lamiere-integre-le-pmo-interview-de-m-capitanio-responsable-du-bureau-technique\\\/\",\"url\":\"https:\\\/\\\/veronalamiere.it\\\/fr\\\/societe\\\/verona-lamiere-integre-le-pmo-interview-de-m-capitanio-responsable-du-bureau-technique\\\/\",\"name\":\"Verona Lamiere int\u00e8gre le PMO, interview de M. Capitanio - Responsable du bureau technique - Verona Lamiere\",\"isPartOf\":{\"@id\":\"https:\\\/\\\/veronalamiere.it\\\/fr\\\/#website\"},\"datePublished\":\"2020-07-15T13:09:58+00:00\",\"dateModified\":\"2020-11-11T11:03:24+00:00\",\"breadcrumb\":{\"@id\":\"https:\\\/\\\/veronalamiere.it\\\/fr\\\/societe\\\/verona-lamiere-integre-le-pmo-interview-de-m-capitanio-responsable-du-bureau-technique\\\/#breadcrumb\"},\"inLanguage\":\"fr-FR\",\"potentialAction\":[{\"@type\":\"ReadAction\",\"target\":[\"https:\\\/\\\/veronalamiere.it\\\/fr\\\/societe\\\/verona-lamiere-integre-le-pmo-interview-de-m-capitanio-responsable-du-bureau-technique\\\/\"]}]},{\"@type\":\"BreadcrumbList\",\"@id\":\"https:\\\/\\\/veronalamiere.it\\\/fr\\\/societe\\\/verona-lamiere-integre-le-pmo-interview-de-m-capitanio-responsable-du-bureau-technique\\\/#breadcrumb\",\"itemListElement\":[{\"@type\":\"ListItem\",\"position\":1,\"name\":\"Home\",\"item\":\"https:\\\/\\\/veronalamiere.it\\\/fr\\\/\"},{\"@type\":\"ListItem\",\"position\":2,\"name\":\"Verona Lamiere int\u00e8gre le PMO, interview de M. Capitanio &#8211; Responsable du bureau technique\"}]},{\"@type\":\"WebSite\",\"@id\":\"https:\\\/\\\/veronalamiere.it\\\/fr\\\/#website\",\"url\":\"https:\\\/\\\/veronalamiere.it\\\/fr\\\/\",\"name\":\"Verona Lamiere\",\"description\":\"Votre partenaire dans le domaine de la t\u00f4lerie\",\"publisher\":{\"@id\":\"https:\\\/\\\/veronalamiere.it\\\/fr\\\/#organization\"},\"potentialAction\":[{\"@type\":\"SearchAction\",\"target\":{\"@type\":\"EntryPoint\",\"urlTemplate\":\"https:\\\/\\\/veronalamiere.it\\\/fr\\\/?s={search_term_string}\"},\"query-input\":{\"@type\":\"PropertyValueSpecification\",\"valueRequired\":true,\"valueName\":\"search_term_string\"}}],\"inLanguage\":\"fr-FR\"},{\"@type\":\"Organization\",\"@id\":\"https:\\\/\\\/veronalamiere.it\\\/fr\\\/#organization\",\"name\":\"Verona Lamiere\",\"url\":\"https:\\\/\\\/veronalamiere.it\\\/fr\\\/\",\"logo\":{\"@type\":\"ImageObject\",\"inLanguage\":\"fr-FR\",\"@id\":\"https:\\\/\\\/veronalamiere.it\\\/fr\\\/#\\\/schema\\\/logo\\\/image\\\/\",\"url\":\"https:\\\/\\\/veronalamiere.it\\\/wp-content\\\/uploads\\\/2025\\\/06\\\/vrlamiere_logo_black.png\",\"contentUrl\":\"https:\\\/\\\/veronalamiere.it\\\/wp-content\\\/uploads\\\/2025\\\/06\\\/vrlamiere_logo_black.png\",\"width\":1452,\"height\":229,\"caption\":\"Verona Lamiere\"},\"image\":{\"@id\":\"https:\\\/\\\/veronalamiere.it\\\/fr\\\/#\\\/schema\\\/logo\\\/image\\\/\"},\"sameAs\":[\"https:\\\/\\\/www.linkedin.com\\\/company\\\/verona-lamiere-s-p-a-\"]},{\"@type\":\"Person\",\"@id\":\"https:\\\/\\\/veronalamiere.it\\\/fr\\\/#\\\/schema\\\/person\\\/54b2104d9e5cd3a85ffddac64588ff24\",\"name\":\"admin_veronalamiere\",\"image\":{\"@type\":\"ImageObject\",\"inLanguage\":\"fr-FR\",\"@id\":\"https:\\\/\\\/veronalamiere.it\\\/wp-content\\\/litespeed\\\/avatar\\\/bc30abcb812759a31ca2d46e81024707.jpg?ver=1777383035\",\"url\":\"https:\\\/\\\/veronalamiere.it\\\/wp-content\\\/litespeed\\\/avatar\\\/bc30abcb812759a31ca2d46e81024707.jpg?ver=1777383035\",\"contentUrl\":\"https:\\\/\\\/veronalamiere.it\\\/wp-content\\\/litespeed\\\/avatar\\\/bc30abcb812759a31ca2d46e81024707.jpg?ver=1777383035\",\"caption\":\"admin_veronalamiere\"},\"url\":\"https:\\\/\\\/veronalamiere.it\\\/fr\\\/author\\\/admin_veronalamiere\\\/\"}]}<\/script>\n<!-- \/ Yoast SEO plugin. -->","yoast_head_json":{"title":"Verona Lamiere int\u00e8gre le PMO, interview de M. Capitanio - Responsable du bureau technique - Verona Lamiere","robots":{"index":"index","follow":"follow","max-snippet":"max-snippet:-1","max-image-preview":"max-image-preview:large","max-video-preview":"max-video-preview:-1"},"canonical":"https:\/\/veronalamiere.it\/fr\/societe\/verona-lamiere-integre-le-pmo-interview-de-m-capitanio-responsable-du-bureau-technique\/","og_locale":"fr_FR","og_type":"article","og_title":"Verona Lamiere int\u00e8gre le PMO, interview de M. Capitanio - Responsable du bureau technique - Verona Lamiere","og_url":"https:\/\/veronalamiere.it\/fr\/societe\/verona-lamiere-integre-le-pmo-interview-de-m-capitanio-responsable-du-bureau-technique\/","og_site_name":"Verona Lamiere","article_published_time":"2020-07-15T13:09:58+00:00","article_modified_time":"2020-11-11T11:03:24+00:00","author":"admin_veronalamiere","twitter_card":"summary_large_image","twitter_misc":{"\u00c9crit par":"admin_veronalamiere","Dur\u00e9e de lecture estim\u00e9e":"2 minutes"},"schema":{"@context":"https:\/\/schema.org","@graph":[{"@type":"Article","@id":"https:\/\/veronalamiere.it\/fr\/societe\/verona-lamiere-integre-le-pmo-interview-de-m-capitanio-responsable-du-bureau-technique\/#article","isPartOf":{"@id":"https:\/\/veronalamiere.it\/fr\/societe\/verona-lamiere-integre-le-pmo-interview-de-m-capitanio-responsable-du-bureau-technique\/"},"author":{"name":"admin_veronalamiere","@id":"https:\/\/veronalamiere.it\/fr\/#\/schema\/person\/54b2104d9e5cd3a85ffddac64588ff24"},"headline":"Verona Lamiere int\u00e8gre le PMO, interview de M. Capitanio &#8211; Responsable du bureau technique","datePublished":"2020-07-15T13:09:58+00:00","dateModified":"2020-11-11T11:03:24+00:00","mainEntityOfPage":{"@id":"https:\/\/veronalamiere.it\/fr\/societe\/verona-lamiere-integre-le-pmo-interview-de-m-capitanio-responsable-du-bureau-technique\/"},"wordCount":403,"publisher":{"@id":"https:\/\/veronalamiere.it\/fr\/#organization"},"articleSection":["Soci\u00e9t\u00e9"],"inLanguage":"fr-FR"},{"@type":"WebPage","@id":"https:\/\/veronalamiere.it\/fr\/societe\/verona-lamiere-integre-le-pmo-interview-de-m-capitanio-responsable-du-bureau-technique\/","url":"https:\/\/veronalamiere.it\/fr\/societe\/verona-lamiere-integre-le-pmo-interview-de-m-capitanio-responsable-du-bureau-technique\/","name":"Verona Lamiere int\u00e8gre le PMO, interview de M. Capitanio - Responsable du bureau technique - Verona Lamiere","isPartOf":{"@id":"https:\/\/veronalamiere.it\/fr\/#website"},"datePublished":"2020-07-15T13:09:58+00:00","dateModified":"2020-11-11T11:03:24+00:00","breadcrumb":{"@id":"https:\/\/veronalamiere.it\/fr\/societe\/verona-lamiere-integre-le-pmo-interview-de-m-capitanio-responsable-du-bureau-technique\/#breadcrumb"},"inLanguage":"fr-FR","potentialAction":[{"@type":"ReadAction","target":["https:\/\/veronalamiere.it\/fr\/societe\/verona-lamiere-integre-le-pmo-interview-de-m-capitanio-responsable-du-bureau-technique\/"]}]},{"@type":"BreadcrumbList","@id":"https:\/\/veronalamiere.it\/fr\/societe\/verona-lamiere-integre-le-pmo-interview-de-m-capitanio-responsable-du-bureau-technique\/#breadcrumb","itemListElement":[{"@type":"ListItem","position":1,"name":"Home","item":"https:\/\/veronalamiere.it\/fr\/"},{"@type":"ListItem","position":2,"name":"Verona Lamiere int\u00e8gre le PMO, interview de M. Capitanio &#8211; Responsable du bureau technique"}]},{"@type":"WebSite","@id":"https:\/\/veronalamiere.it\/fr\/#website","url":"https:\/\/veronalamiere.it\/fr\/","name":"Verona Lamiere","description":"Votre partenaire dans le domaine de la t\u00f4lerie","publisher":{"@id":"https:\/\/veronalamiere.it\/fr\/#organization"},"potentialAction":[{"@type":"SearchAction","target":{"@type":"EntryPoint","urlTemplate":"https:\/\/veronalamiere.it\/fr\/?s={search_term_string}"},"query-input":{"@type":"PropertyValueSpecification","valueRequired":true,"valueName":"search_term_string"}}],"inLanguage":"fr-FR"},{"@type":"Organization","@id":"https:\/\/veronalamiere.it\/fr\/#organization","name":"Verona Lamiere","url":"https:\/\/veronalamiere.it\/fr\/","logo":{"@type":"ImageObject","inLanguage":"fr-FR","@id":"https:\/\/veronalamiere.it\/fr\/#\/schema\/logo\/image\/","url":"https:\/\/veronalamiere.it\/wp-content\/uploads\/2025\/06\/vrlamiere_logo_black.png","contentUrl":"https:\/\/veronalamiere.it\/wp-content\/uploads\/2025\/06\/vrlamiere_logo_black.png","width":1452,"height":229,"caption":"Verona Lamiere"},"image":{"@id":"https:\/\/veronalamiere.it\/fr\/#\/schema\/logo\/image\/"},"sameAs":["https:\/\/www.linkedin.com\/company\/verona-lamiere-s-p-a-"]},{"@type":"Person","@id":"https:\/\/veronalamiere.it\/fr\/#\/schema\/person\/54b2104d9e5cd3a85ffddac64588ff24","name":"admin_veronalamiere","image":{"@type":"ImageObject","inLanguage":"fr-FR","@id":"https:\/\/veronalamiere.it\/wp-content\/litespeed\/avatar\/bc30abcb812759a31ca2d46e81024707.jpg?ver=1777383035","url":"https:\/\/veronalamiere.it\/wp-content\/litespeed\/avatar\/bc30abcb812759a31ca2d46e81024707.jpg?ver=1777383035","contentUrl":"https:\/\/veronalamiere.it\/wp-content\/litespeed\/avatar\/bc30abcb812759a31ca2d46e81024707.jpg?ver=1777383035","caption":"admin_veronalamiere"},"url":"https:\/\/veronalamiere.it\/fr\/author\/admin_veronalamiere\/"}]}},"jetpack_featured_media_url":"","jetpack_sharing_enabled":true,"_links":{"self":[{"href":"https:\/\/veronalamiere.it\/fr\/wp-json\/wp\/v2\/posts\/5097","targetHints":{"allow":["GET"]}}],"collection":[{"href":"https:\/\/veronalamiere.it\/fr\/wp-json\/wp\/v2\/posts"}],"about":[{"href":"https:\/\/veronalamiere.it\/fr\/wp-json\/wp\/v2\/types\/post"}],"author":[{"embeddable":true,"href":"https:\/\/veronalamiere.it\/fr\/wp-json\/wp\/v2\/users\/1"}],"replies":[{"embeddable":true,"href":"https:\/\/veronalamiere.it\/fr\/wp-json\/wp\/v2\/comments?post=5097"}],"version-history":[{"count":1,"href":"https:\/\/veronalamiere.it\/fr\/wp-json\/wp\/v2\/posts\/5097\/revisions"}],"predecessor-version":[{"id":5098,"href":"https:\/\/veronalamiere.it\/fr\/wp-json\/wp\/v2\/posts\/5097\/revisions\/5098"}],"wp:attachment":[{"href":"https:\/\/veronalamiere.it\/fr\/wp-json\/wp\/v2\/media?parent=5097"}],"wp:term":[{"taxonomy":"category","embeddable":true,"href":"https:\/\/veronalamiere.it\/fr\/wp-json\/wp\/v2\/categories?post=5097"},{"taxonomy":"post_tag","embeddable":true,"href":"https:\/\/veronalamiere.it\/fr\/wp-json\/wp\/v2\/tags?post=5097"}],"curies":[{"name":"wp","href":"https:\/\/api.w.org\/{rel}","templated":true}]}}