{"id":5102,"date":"2020-07-14T12:41:09","date_gmt":"2020-07-14T12:41:09","guid":{"rendered":"https:\/\/veronalamiere.24co.it\/non-classifiee\/verona-lamiere-integre-le-pmo-interview-de-mme-zulin-gestionnaire-de-comptes\/"},"modified":"2020-07-14T12:41:09","modified_gmt":"2020-07-14T12:41:09","slug":"verona-lamiere-integre-le-pmo-interview-de-mme-zulin-gestionnaire-de-comptes","status":"publish","type":"post","link":"https:\/\/veronalamiere.it\/fr\/societe\/verona-lamiere-integre-le-pmo-interview-de-mme-zulin-gestionnaire-de-comptes\/","title":{"rendered":"Verona Lamiere int\u00e8gre le PMO, interview de Mme Zulin &#8211; Gestionnaire de comptes"},"content":{"rendered":"<p><section id=\"bt_bb_section69f25b38d30b6\"  class=\"bt_bb_section bt_bb_layout_boxed_1200\" ><div class=\"bt_bb_port\"><div class=\"bt_bb_cell\"><div class=\"bt_bb_cell_inner\"><div class=\"bt_bb_row \"  data-bt-override-class=\"{}\"><div class=\"bt_bb_row_holder\" ><div  class=\"bt_bb_column col-xxl-12 col-xl-12 bt_bb_vertical_align_top bt_bb_align_left bt_bb_padding_normal\"  data-width=\"12\" data-bt-override-class=\"{}\"><div class=\"bt_bb_column_content\"><div  class=\"bt_bb_text\" ><\/p>\n<p>Sur la base de son exp\u00e9rience professionnelle et humaine personnelle, iulia Zulin, Gestionnaire de comptes et membre du PMO \u00e0 Verona Lamiere S.p.A., raconte dans cette interview vid\u00e9o exclusive, toutes les \u00e9tapes de la cr\u00e9ation du bureau de gestion de projet (PMO) au sein de son entreprise. Mme Zulin explique comment l\u2019implication du bureau des ventes s\u2019est av\u00e9r\u00e9e \u00eatre un choix gagnant, tr\u00e8s appr\u00e9ci\u00e9 des clients, qui sont de plus en plus int\u00e9ress\u00e9s par la compr\u00e9hension du d\u00e9roulement du processus interne de gestion des \u00e9chantillons et des commandes et de la mani\u00e8re dont la planification commerciale de leurs fournisseurs se d\u00e9roule, afin de garantir pr\u00e9cision et ponctualit\u00e9 des livraisons. La cr\u00e9ation du PMO (le Project Management Office) \u00e0 partir de trois personnes d\u00e9j\u00e0 employ\u00e9es \u00e0 Verona Lamiere et responsables de trois domaines cl\u00e9s de l\u2019entreprise, \u00e0 savoir les ventes, le bureau technique et le contr\u00f4le qualit\u00e9, \u00e9tait alors le deuxi\u00e8me pas vers la bonne direction pour obtenir le maximum de r\u00e9sultats. Le choix du bon logiciel pour g\u00e9rer les projets a \u00e9galement \u00e9t\u00e9 une autre \u00e9tape importante. Un choix qui a conduit \u00e0 l\u2019inclusion du logiciel Vtiger qui, avec le soutien de M. Mazzuccato, d\u00e9veloppeur, a ensuite \u00e9t\u00e9 enti\u00e8rement personnalis\u00e9 dans la forme et le contenu, pour transformer jusqu\u2019\u00e0 son nom (de VLFOX \u00e0 Verona Lamiere). L\u2019int\u00e9ressante interview de Giulia Zulin termine avec le r\u00e9cit de l\u2019\u00e9v\u00e9nement organis\u00e9 par l\u2019entreprise pour cr\u00e9er un climat de partage maximum avec tout le personnel. \u00c9coutez cette interview et d\u00e9couvrez quels sont les avantages pour les entreprises et les personnes g\u00e9n\u00e9r\u00e9s par l\u2019introduction du PMO dans l\u2019entreprise.<\/p>\n<p>\n<\/div><div class=\"bt_bb_separator bt_bb_border_style_none bt_bb_top_spacing_small bt_bb_bottom_spacing_small\" data-bt-override-class=\"null\"><\/div><div class=\"bt_bb_button bt_bb_icon_position_left bt_bb_style_outline bt_bb_size_small bt_bb_width_inline bt_bb_shape_inherit bt_bb_target_blank bt_bb_align_inherit\" data-bt-override-class=\"{}\"><a href=\"https:\/\/synnova.it\/\" target=\"_blank\" class=\"bt_bb_link\" title=\"En collaboration avec Synnova\"><span class=\"bt_bb_button_text\" >En collaboration avec Synnova<\/span><\/a><\/div><\/div><\/div><\/div><\/div><\/div><\/div><\/div><\/section><section id=\"bt_bb_section69f25b38d344a\"  class=\"bt_bb_section bt_bb_layout_boxed_1200\" ><div class=\"bt_bb_port\"><div class=\"bt_bb_cell\"><div class=\"bt_bb_cell_inner\"><div class=\"bt_bb_row \"  data-bt-override-class=\"{}\"><div class=\"bt_bb_row_holder\" ><\/div><\/div><div class=\"bt_bb_row \"  data-bt-override-class=\"{}\"><div class=\"bt_bb_row_holder\" ><div  class=\"bt_bb_column col-xxl-12 col-xl-12 bt_bb_vertical_align_top bt_bb_align_left bt_bb_padding_normal\"  data-width=\"12\" data-bt-override-class=\"{}\"><div class=\"bt_bb_column_content\"><div class=\"bt_bb_separator bt_bb_border_style_none bt_bb_top_spacing_normal bt_bb_bottom_spacing_normal\" data-bt-override-class=\"null\"><\/div><div class=\"bt_bb_video bt_bb_disable_controls_no\"><div class=\"bt-video-container\"><div style=\"width: 100%;\" class=\"wp-video\"><video class=\"wp-video-shortcode\" id=\"video-5102-1\" width=\"640\" height=\"360\" preload=\"metadata\" controls=\"controls\"><source type=\"video\/vimeo\" src=\"https:\/\/vimeo.com\/461343227?loop=0&#038;_=1\" \/><a href=\"https:\/\/vimeo.com\/461343227?loop=0\">https:\/\/vimeo.com\/461343227?loop=0<\/a><\/video><\/div><\/div><\/div><\/div><\/div><\/div><\/div><\/div><\/div><\/div><\/section><\/p>\n","protected":false},"excerpt":{"rendered":"","protected":false},"author":1,"featured_media":0,"comment_status":"closed","ping_status":"open","sticky":false,"template":"","format":"standard","meta":{"_jetpack_memberships_contains_paid_content":false,"footnotes":""},"categories":[55],"tags":[],"class_list":["post-5102","post","type-post","status-publish","format-standard","hentry","category-societe"],"yoast_head":"<!-- This site is optimized with the Yoast SEO plugin v27.5 - https:\/\/yoast.com\/product\/yoast-seo-wordpress\/ -->\n<title>Verona Lamiere int\u00e8gre le PMO, interview de Mme Zulin - Gestionnaire de comptes - Verona Lamiere<\/title>\n<meta name=\"robots\" content=\"index, follow, max-snippet:-1, max-image-preview:large, max-video-preview:-1\" \/>\n<link rel=\"canonical\" href=\"https:\/\/veronalamiere.it\/fr\/societe\/verona-lamiere-integre-le-pmo-interview-de-mme-zulin-gestionnaire-de-comptes\/\" \/>\n<meta property=\"og:locale\" content=\"fr_FR\" \/>\n<meta property=\"og:type\" content=\"article\" \/>\n<meta property=\"og:title\" content=\"Verona Lamiere int\u00e8gre le PMO, interview de Mme Zulin - Gestionnaire de comptes - Verona Lamiere\" \/>\n<meta property=\"og:url\" content=\"https:\/\/veronalamiere.it\/fr\/societe\/verona-lamiere-integre-le-pmo-interview-de-mme-zulin-gestionnaire-de-comptes\/\" \/>\n<meta property=\"og:site_name\" content=\"Verona Lamiere\" \/>\n<meta property=\"article:published_time\" content=\"2020-07-14T12:41:09+00:00\" \/>\n<meta name=\"author\" content=\"admin_veronalamiere\" \/>\n<meta name=\"twitter:card\" content=\"summary_large_image\" \/>\n<meta name=\"twitter:label1\" content=\"\u00c9crit par\" \/>\n\t<meta name=\"twitter:data1\" content=\"admin_veronalamiere\" \/>\n\t<meta name=\"twitter:label2\" content=\"Dur\u00e9e de lecture estim\u00e9e\" \/>\n\t<meta name=\"twitter:data2\" content=\"3 minutes\" \/>\n<script type=\"application\/ld+json\" class=\"yoast-schema-graph\">{\"@context\":\"https:\\\/\\\/schema.org\",\"@graph\":[{\"@type\":\"Article\",\"@id\":\"https:\\\/\\\/veronalamiere.it\\\/fr\\\/societe\\\/verona-lamiere-integre-le-pmo-interview-de-mme-zulin-gestionnaire-de-comptes\\\/#article\",\"isPartOf\":{\"@id\":\"https:\\\/\\\/veronalamiere.it\\\/fr\\\/societe\\\/verona-lamiere-integre-le-pmo-interview-de-mme-zulin-gestionnaire-de-comptes\\\/\"},\"author\":{\"name\":\"admin_veronalamiere\",\"@id\":\"https:\\\/\\\/veronalamiere.it\\\/fr\\\/#\\\/schema\\\/person\\\/54b2104d9e5cd3a85ffddac64588ff24\"},\"headline\":\"Verona Lamiere int\u00e8gre le PMO, interview de Mme Zulin &#8211; Gestionnaire de comptes\",\"datePublished\":\"2020-07-14T12:41:09+00:00\",\"mainEntityOfPage\":{\"@id\":\"https:\\\/\\\/veronalamiere.it\\\/fr\\\/societe\\\/verona-lamiere-integre-le-pmo-interview-de-mme-zulin-gestionnaire-de-comptes\\\/\"},\"wordCount\":534,\"publisher\":{\"@id\":\"https:\\\/\\\/veronalamiere.it\\\/fr\\\/#organization\"},\"articleSection\":[\"Soci\u00e9t\u00e9\"],\"inLanguage\":\"fr-FR\"},{\"@type\":\"WebPage\",\"@id\":\"https:\\\/\\\/veronalamiere.it\\\/fr\\\/societe\\\/verona-lamiere-integre-le-pmo-interview-de-mme-zulin-gestionnaire-de-comptes\\\/\",\"url\":\"https:\\\/\\\/veronalamiere.it\\\/fr\\\/societe\\\/verona-lamiere-integre-le-pmo-interview-de-mme-zulin-gestionnaire-de-comptes\\\/\",\"name\":\"Verona Lamiere int\u00e8gre le PMO, interview de Mme Zulin - Gestionnaire de comptes - Verona Lamiere\",\"isPartOf\":{\"@id\":\"https:\\\/\\\/veronalamiere.it\\\/fr\\\/#website\"},\"datePublished\":\"2020-07-14T12:41:09+00:00\",\"breadcrumb\":{\"@id\":\"https:\\\/\\\/veronalamiere.it\\\/fr\\\/societe\\\/verona-lamiere-integre-le-pmo-interview-de-mme-zulin-gestionnaire-de-comptes\\\/#breadcrumb\"},\"inLanguage\":\"fr-FR\",\"potentialAction\":[{\"@type\":\"ReadAction\",\"target\":[\"https:\\\/\\\/veronalamiere.it\\\/fr\\\/societe\\\/verona-lamiere-integre-le-pmo-interview-de-mme-zulin-gestionnaire-de-comptes\\\/\"]}]},{\"@type\":\"BreadcrumbList\",\"@id\":\"https:\\\/\\\/veronalamiere.it\\\/fr\\\/societe\\\/verona-lamiere-integre-le-pmo-interview-de-mme-zulin-gestionnaire-de-comptes\\\/#breadcrumb\",\"itemListElement\":[{\"@type\":\"ListItem\",\"position\":1,\"name\":\"Home\",\"item\":\"https:\\\/\\\/veronalamiere.it\\\/fr\\\/\"},{\"@type\":\"ListItem\",\"position\":2,\"name\":\"Verona Lamiere int\u00e8gre le PMO, interview de Mme Zulin &#8211; Gestionnaire de comptes\"}]},{\"@type\":\"WebSite\",\"@id\":\"https:\\\/\\\/veronalamiere.it\\\/fr\\\/#website\",\"url\":\"https:\\\/\\\/veronalamiere.it\\\/fr\\\/\",\"name\":\"Verona Lamiere\",\"description\":\"Votre partenaire dans le domaine de la t\u00f4lerie\",\"publisher\":{\"@id\":\"https:\\\/\\\/veronalamiere.it\\\/fr\\\/#organization\"},\"potentialAction\":[{\"@type\":\"SearchAction\",\"target\":{\"@type\":\"EntryPoint\",\"urlTemplate\":\"https:\\\/\\\/veronalamiere.it\\\/fr\\\/?s={search_term_string}\"},\"query-input\":{\"@type\":\"PropertyValueSpecification\",\"valueRequired\":true,\"valueName\":\"search_term_string\"}}],\"inLanguage\":\"fr-FR\"},{\"@type\":\"Organization\",\"@id\":\"https:\\\/\\\/veronalamiere.it\\\/fr\\\/#organization\",\"name\":\"Verona Lamiere\",\"url\":\"https:\\\/\\\/veronalamiere.it\\\/fr\\\/\",\"logo\":{\"@type\":\"ImageObject\",\"inLanguage\":\"fr-FR\",\"@id\":\"https:\\\/\\\/veronalamiere.it\\\/fr\\\/#\\\/schema\\\/logo\\\/image\\\/\",\"url\":\"https:\\\/\\\/veronalamiere.it\\\/wp-content\\\/uploads\\\/2025\\\/06\\\/vrlamiere_logo_black.png\",\"contentUrl\":\"https:\\\/\\\/veronalamiere.it\\\/wp-content\\\/uploads\\\/2025\\\/06\\\/vrlamiere_logo_black.png\",\"width\":1452,\"height\":229,\"caption\":\"Verona Lamiere\"},\"image\":{\"@id\":\"https:\\\/\\\/veronalamiere.it\\\/fr\\\/#\\\/schema\\\/logo\\\/image\\\/\"},\"sameAs\":[\"https:\\\/\\\/www.linkedin.com\\\/company\\\/verona-lamiere-s-p-a-\"]},{\"@type\":\"Person\",\"@id\":\"https:\\\/\\\/veronalamiere.it\\\/fr\\\/#\\\/schema\\\/person\\\/54b2104d9e5cd3a85ffddac64588ff24\",\"name\":\"admin_veronalamiere\",\"image\":{\"@type\":\"ImageObject\",\"inLanguage\":\"fr-FR\",\"@id\":\"https:\\\/\\\/veronalamiere.it\\\/wp-content\\\/litespeed\\\/avatar\\\/bc30abcb812759a31ca2d46e81024707.jpg?ver=1777383035\",\"url\":\"https:\\\/\\\/veronalamiere.it\\\/wp-content\\\/litespeed\\\/avatar\\\/bc30abcb812759a31ca2d46e81024707.jpg?ver=1777383035\",\"contentUrl\":\"https:\\\/\\\/veronalamiere.it\\\/wp-content\\\/litespeed\\\/avatar\\\/bc30abcb812759a31ca2d46e81024707.jpg?ver=1777383035\",\"caption\":\"admin_veronalamiere\"},\"url\":\"https:\\\/\\\/veronalamiere.it\\\/fr\\\/author\\\/admin_veronalamiere\\\/\"}]}<\/script>\n<!-- \/ Yoast SEO plugin. -->","yoast_head_json":{"title":"Verona Lamiere int\u00e8gre le PMO, interview de Mme Zulin - Gestionnaire de comptes - Verona Lamiere","robots":{"index":"index","follow":"follow","max-snippet":"max-snippet:-1","max-image-preview":"max-image-preview:large","max-video-preview":"max-video-preview:-1"},"canonical":"https:\/\/veronalamiere.it\/fr\/societe\/verona-lamiere-integre-le-pmo-interview-de-mme-zulin-gestionnaire-de-comptes\/","og_locale":"fr_FR","og_type":"article","og_title":"Verona Lamiere int\u00e8gre le PMO, interview de Mme Zulin - Gestionnaire de comptes - Verona Lamiere","og_url":"https:\/\/veronalamiere.it\/fr\/societe\/verona-lamiere-integre-le-pmo-interview-de-mme-zulin-gestionnaire-de-comptes\/","og_site_name":"Verona Lamiere","article_published_time":"2020-07-14T12:41:09+00:00","author":"admin_veronalamiere","twitter_card":"summary_large_image","twitter_misc":{"\u00c9crit par":"admin_veronalamiere","Dur\u00e9e de lecture estim\u00e9e":"3 minutes"},"schema":{"@context":"https:\/\/schema.org","@graph":[{"@type":"Article","@id":"https:\/\/veronalamiere.it\/fr\/societe\/verona-lamiere-integre-le-pmo-interview-de-mme-zulin-gestionnaire-de-comptes\/#article","isPartOf":{"@id":"https:\/\/veronalamiere.it\/fr\/societe\/verona-lamiere-integre-le-pmo-interview-de-mme-zulin-gestionnaire-de-comptes\/"},"author":{"name":"admin_veronalamiere","@id":"https:\/\/veronalamiere.it\/fr\/#\/schema\/person\/54b2104d9e5cd3a85ffddac64588ff24"},"headline":"Verona Lamiere int\u00e8gre le PMO, interview de Mme Zulin &#8211; Gestionnaire de comptes","datePublished":"2020-07-14T12:41:09+00:00","mainEntityOfPage":{"@id":"https:\/\/veronalamiere.it\/fr\/societe\/verona-lamiere-integre-le-pmo-interview-de-mme-zulin-gestionnaire-de-comptes\/"},"wordCount":534,"publisher":{"@id":"https:\/\/veronalamiere.it\/fr\/#organization"},"articleSection":["Soci\u00e9t\u00e9"],"inLanguage":"fr-FR"},{"@type":"WebPage","@id":"https:\/\/veronalamiere.it\/fr\/societe\/verona-lamiere-integre-le-pmo-interview-de-mme-zulin-gestionnaire-de-comptes\/","url":"https:\/\/veronalamiere.it\/fr\/societe\/verona-lamiere-integre-le-pmo-interview-de-mme-zulin-gestionnaire-de-comptes\/","name":"Verona Lamiere int\u00e8gre le PMO, interview de Mme Zulin - Gestionnaire de comptes - Verona Lamiere","isPartOf":{"@id":"https:\/\/veronalamiere.it\/fr\/#website"},"datePublished":"2020-07-14T12:41:09+00:00","breadcrumb":{"@id":"https:\/\/veronalamiere.it\/fr\/societe\/verona-lamiere-integre-le-pmo-interview-de-mme-zulin-gestionnaire-de-comptes\/#breadcrumb"},"inLanguage":"fr-FR","potentialAction":[{"@type":"ReadAction","target":["https:\/\/veronalamiere.it\/fr\/societe\/verona-lamiere-integre-le-pmo-interview-de-mme-zulin-gestionnaire-de-comptes\/"]}]},{"@type":"BreadcrumbList","@id":"https:\/\/veronalamiere.it\/fr\/societe\/verona-lamiere-integre-le-pmo-interview-de-mme-zulin-gestionnaire-de-comptes\/#breadcrumb","itemListElement":[{"@type":"ListItem","position":1,"name":"Home","item":"https:\/\/veronalamiere.it\/fr\/"},{"@type":"ListItem","position":2,"name":"Verona Lamiere int\u00e8gre le PMO, interview de Mme Zulin &#8211; Gestionnaire de comptes"}]},{"@type":"WebSite","@id":"https:\/\/veronalamiere.it\/fr\/#website","url":"https:\/\/veronalamiere.it\/fr\/","name":"Verona Lamiere","description":"Votre partenaire dans le domaine de la t\u00f4lerie","publisher":{"@id":"https:\/\/veronalamiere.it\/fr\/#organization"},"potentialAction":[{"@type":"SearchAction","target":{"@type":"EntryPoint","urlTemplate":"https:\/\/veronalamiere.it\/fr\/?s={search_term_string}"},"query-input":{"@type":"PropertyValueSpecification","valueRequired":true,"valueName":"search_term_string"}}],"inLanguage":"fr-FR"},{"@type":"Organization","@id":"https:\/\/veronalamiere.it\/fr\/#organization","name":"Verona Lamiere","url":"https:\/\/veronalamiere.it\/fr\/","logo":{"@type":"ImageObject","inLanguage":"fr-FR","@id":"https:\/\/veronalamiere.it\/fr\/#\/schema\/logo\/image\/","url":"https:\/\/veronalamiere.it\/wp-content\/uploads\/2025\/06\/vrlamiere_logo_black.png","contentUrl":"https:\/\/veronalamiere.it\/wp-content\/uploads\/2025\/06\/vrlamiere_logo_black.png","width":1452,"height":229,"caption":"Verona Lamiere"},"image":{"@id":"https:\/\/veronalamiere.it\/fr\/#\/schema\/logo\/image\/"},"sameAs":["https:\/\/www.linkedin.com\/company\/verona-lamiere-s-p-a-"]},{"@type":"Person","@id":"https:\/\/veronalamiere.it\/fr\/#\/schema\/person\/54b2104d9e5cd3a85ffddac64588ff24","name":"admin_veronalamiere","image":{"@type":"ImageObject","inLanguage":"fr-FR","@id":"https:\/\/veronalamiere.it\/wp-content\/litespeed\/avatar\/bc30abcb812759a31ca2d46e81024707.jpg?ver=1777383035","url":"https:\/\/veronalamiere.it\/wp-content\/litespeed\/avatar\/bc30abcb812759a31ca2d46e81024707.jpg?ver=1777383035","contentUrl":"https:\/\/veronalamiere.it\/wp-content\/litespeed\/avatar\/bc30abcb812759a31ca2d46e81024707.jpg?ver=1777383035","caption":"admin_veronalamiere"},"url":"https:\/\/veronalamiere.it\/fr\/author\/admin_veronalamiere\/"}]}},"jetpack_featured_media_url":"","jetpack_sharing_enabled":true,"_links":{"self":[{"href":"https:\/\/veronalamiere.it\/fr\/wp-json\/wp\/v2\/posts\/5102","targetHints":{"allow":["GET"]}}],"collection":[{"href":"https:\/\/veronalamiere.it\/fr\/wp-json\/wp\/v2\/posts"}],"about":[{"href":"https:\/\/veronalamiere.it\/fr\/wp-json\/wp\/v2\/types\/post"}],"author":[{"embeddable":true,"href":"https:\/\/veronalamiere.it\/fr\/wp-json\/wp\/v2\/users\/1"}],"replies":[{"embeddable":true,"href":"https:\/\/veronalamiere.it\/fr\/wp-json\/wp\/v2\/comments?post=5102"}],"version-history":[{"count":0,"href":"https:\/\/veronalamiere.it\/fr\/wp-json\/wp\/v2\/posts\/5102\/revisions"}],"wp:attachment":[{"href":"https:\/\/veronalamiere.it\/fr\/wp-json\/wp\/v2\/media?parent=5102"}],"wp:term":[{"taxonomy":"category","embeddable":true,"href":"https:\/\/veronalamiere.it\/fr\/wp-json\/wp\/v2\/categories?post=5102"},{"taxonomy":"post_tag","embeddable":true,"href":"https:\/\/veronalamiere.it\/fr\/wp-json\/wp\/v2\/tags?post=5102"}],"curies":[{"name":"wp","href":"https:\/\/api.w.org\/{rel}","templated":true}]}}