{"id":6428,"date":"2023-05-17T13:28:17","date_gmt":"2023-05-17T13:28:17","guid":{"rendered":"https:\/\/veronalamiere.it\/non-classifiee\/verona-lamiera-s-p-a-expansion\/"},"modified":"2026-04-16T13:20:33","modified_gmt":"2026-04-16T13:20:33","slug":"verona-lamiera-s-p-a-expansion","status":"publish","type":"post","link":"https:\/\/veronalamiere.it\/fr\/societe\/verona-lamiera-s-p-a-expansion\/","title":{"rendered":"Expansion Verona Lamiere S.p.A."},"content":{"rendered":"<p><section data-bb-version=\"4.5.5\" id=\"bt_bb_section69eefd6b9b06d\"  class=\"bt_bb_section bt_bb_layout_boxed_1200\" ><div class=\"bt_bb_port\"><div class=\"bt_bb_cell\"><div class=\"bt_bb_cell_inner\"><div class=\"bt_bb_row \"  data-bt-override-class=\"{}\"><div class=\"bt_bb_row_holder\" ><div data-bb-version=\"4.5.5\"  class=\"bt_bb_column col-xxl-12 col-xl-12 bt_bb_vertical_align_top bt_bb_align_left bt_bb_padding_normal\"  data-width=\"12\" data-bt-override-class=\"{}\"><div class=\"bt_bb_column_content\"><div data-bb-version=\"4.5.5\" class=\"bt_bb_image bt_bb_shape_square bt_bb_target_self bt_bb_align_inherit bt_bb_hover_style_simple bt_bb_content_display_always bt_bb_content_align_middle bt_bb_fill_background_color_full\" data-bt-override-class=\"{&quot;bt_bb_align_&quot;:{&quot;current_class&quot;:&quot;bt_bb_align_inherit&quot;,&quot;def&quot;:&quot;inherit&quot;}}\"><span><img decoding=\"async\" width=\"1920\" height=\"1080\" src=\"https:\/\/veronalamiere.it\/wp-content\/uploads\/2023\/05\/Verona-Lamiere-Inaugurazione-Capannone-1.jpg\" class=\"attachment-full size-full\" alt=\"Inauguration du hangar \u00e0 t\u00f4les de V\u00e9rone\" data-full_image_src=\"https:\/\/veronalamiere.it\/wp-content\/uploads\/2023\/05\/Verona-Lamiere-Inaugurazione-Capannone-1.jpg\" title=\"Verona-T\u00f4lerie T\u00f4les-Entrep\u00f4t\" srcset=\"https:\/\/veronalamiere.it\/wp-content\/uploads\/2023\/05\/Verona-Lamiere-Inaugurazione-Capannone-1.jpg 1920w, https:\/\/veronalamiere.it\/wp-content\/uploads\/2023\/05\/Verona-Lamiere-Inaugurazione-Capannone-1-640x360.jpg 640w, https:\/\/veronalamiere.it\/wp-content\/uploads\/2023\/05\/Verona-Lamiere-Inaugurazione-Capannone-1-1280x720.jpg 1280w, https:\/\/veronalamiere.it\/wp-content\/uploads\/2023\/05\/Verona-Lamiere-Inaugurazione-Capannone-1-768x432.jpg 768w, https:\/\/veronalamiere.it\/wp-content\/uploads\/2023\/05\/Verona-Lamiere-Inaugurazione-Capannone-1-1536x864.jpg 1536w, https:\/\/veronalamiere.it\/wp-content\/uploads\/2023\/05\/Verona-Lamiere-Inaugurazione-Capannone-1-320x180.jpg 320w\" sizes=\"(max-width: 1920px) 100vw, 1920px\" \/><\/span><\/div><div data-bb-version=\"4.5.5\" class=\"bt_bb_separator bt_bb_border_style_none bt_bb_top_spacing_small bt_bb_bottom_spacing_small\" data-bt-override-class=\"{&quot;bt_bb_top_spacing_&quot;:{&quot;current_class&quot;:&quot;bt_bb_top_spacing_small&quot;,&quot;def&quot;:&quot;small&quot;},&quot;bt_bb_bottom_spacing_&quot;:{&quot;current_class&quot;:&quot;bt_bb_bottom_spacing_small&quot;,&quot;def&quot;:&quot;small&quot;}}\"><\/div><\/div><\/div><\/div><\/div><\/div><\/div><\/div><\/section><section id=\"bt_bb_section69eefd6b9b786\"  class=\"bt_bb_section bt_bb_layout_boxed_1200\" ><div class=\"bt_bb_port\"><div class=\"bt_bb_cell\"><div class=\"bt_bb_cell_inner\"><div class=\"bt_bb_row \"  data-bt-override-class=\"{}\"><div class=\"bt_bb_row_holder\" ><div data-bb-version=\"4.5.5\"  class=\"bt_bb_column col-xxl-6 col-xl-6 bt_bb_vertical_align_middle bt_bb_align_left bt_bb_padding_normal\"  data-width=\"6\" data-bt-override-class=\"{}\"><div class=\"bt_bb_column_content\"><div  class=\"bt_bb_text\" ><\/p>\n<p>The new shed was born from two needs. The first is to improve the production set and optimize the layout of Verona Lamiere, thus bringing efficiency to the production process. The second aspect is to improve customer services.<\/p>\n<p>Today more and more subcontractors, companies that supply semi-finished products are required not only to have capacity and quality standards in terms of construction that are very high, but a first-rate logistics service is increasingly required, and this is an aspect on which in the of planning Verona Lamiere has put a lot of emphasis on.<\/p>\n<p>At the basis of Verona Lamiere is the constant drive to improve, to invest in the latest technology and in the continuous training of specialized technical personnel.<\/p>\n<p>On Saturday, May 13, the new hall was inaugurated in the presence of about 600 guests including employees, historical partners, authorities and their families in a festive atmosphere that gave way to moments of intense emotion.<\/p>\n<p>Mass with Choir, ribbon cutting in the presence of the Authorities and the Lucchini Family, the blessing of the statue of St. Joseph, dinner, music and entertainment made for a successful and fun-filled evening.<\/p>\n<p>In a historical period that is not easy for both companies and families, this inauguration is an encouraging sign, a sign of confidence to employees and the local area.<\/p>\n<p>\n<\/div><div class=\"bt_bb_separator bt_bb_border_style_none bt_bb_top_spacing_small bt_bb_bottom_spacing_small\" data-bt-override-class=\"null\"><\/div><\/div><\/div><div  class=\"bt_bb_column col-xxl-6 col-xl-6 bt_bb_vertical_align_top bt_bb_align_left bt_bb_padding_normal\"  data-width=\"6\" data-bt-override-class=\"{}\"><div class=\"bt_bb_column_content\"><div data-bb-version=\"4.5.5\" class=\"bt_bb_image bt_bb_shape_square bt_bb_target_self bt_bb_align_inherit bt_bb_hover_style_simple bt_bb_content_display_always bt_bb_content_align_middle bt_bb_fill_background_color_full\" data-bt-override-class=\"{&quot;bt_bb_align_&quot;:{&quot;current_class&quot;:&quot;bt_bb_align_inherit&quot;,&quot;def&quot;:&quot;inherit&quot;}}\"><span><img decoding=\"async\" width=\"768\" height=\"432\" src=\"https:\/\/veronalamiere.it\/wp-content\/uploads\/2023\/05\/Verona-Lamiere-inaugurazione-1-768x432.jpg\" class=\"attachment-medium_large size-medium_large\" alt=\"Verona- t\u00f4le-inauguration-1\" data-full_image_src=\"https:\/\/veronalamiere.it\/wp-content\/uploads\/2023\/05\/Verona-Lamiere-inaugurazione-1.jpg\" title=\"Verona- t\u00f4le-inauguration-1\" srcset=\"https:\/\/veronalamiere.it\/wp-content\/uploads\/2023\/05\/Verona-Lamiere-inaugurazione-1-768x432.jpg 768w, https:\/\/veronalamiere.it\/wp-content\/uploads\/2023\/05\/Verona-Lamiere-inaugurazione-1-640x360.jpg 640w, https:\/\/veronalamiere.it\/wp-content\/uploads\/2023\/05\/Verona-Lamiere-inaugurazione-1-320x180.jpg 320w, https:\/\/veronalamiere.it\/wp-content\/uploads\/2023\/05\/Verona-Lamiere-inaugurazione-1.jpg 800w\" sizes=\"(max-width: 768px) 100vw, 768px\" \/><\/span><\/div><div class=\"bt_bb_separator bt_bb_border_style_none bt_bb_top_spacing_small bt_bb_bottom_spacing_small\" data-bt-override-class=\"null\"><\/div><div data-bb-version=\"4.5.6\" class=\"bt_bb_image bt_bb_shape_square bt_bb_target_self bt_bb_align_inherit bt_bb_hover_style_simple bt_bb_content_display_always bt_bb_content_align_middle bt_bb_fill_background_color_full\" data-bt-override-class=\"{&quot;bt_bb_align_&quot;:{&quot;current_class&quot;:&quot;bt_bb_align_inherit&quot;,&quot;def&quot;:&quot;inherit&quot;}}\"><span><img decoding=\"async\" width=\"768\" height=\"432\" src=\"https:\/\/veronalamiere.it\/wp-content\/uploads\/2023\/05\/Verona-Lamiere-Inaugurazione-header-1-768x432.jpg\" class=\"attachment-medium_large size-medium_large\" alt=\"Inauguration de Verona Sheet Metal\" data-full_image_src=\"https:\/\/veronalamiere.it\/wp-content\/uploads\/2023\/05\/Verona-Lamiere-Inaugurazione-header-1.jpg\" title=\"Verona-Lamiere-Inauguration\" srcset=\"https:\/\/veronalamiere.it\/wp-content\/uploads\/2023\/05\/Verona-Lamiere-Inaugurazione-header-1-768x432.jpg 768w, https:\/\/veronalamiere.it\/wp-content\/uploads\/2023\/05\/Verona-Lamiere-Inaugurazione-header-1-640x360.jpg 640w, https:\/\/veronalamiere.it\/wp-content\/uploads\/2023\/05\/Verona-Lamiere-Inaugurazione-header-1-320x180.jpg 320w, https:\/\/veronalamiere.it\/wp-content\/uploads\/2023\/05\/Verona-Lamiere-Inaugurazione-header-1.jpg 1280w\" sizes=\"(max-width: 768px) 100vw, 768px\" \/><\/span><\/div><div class=\"bt_bb_separator bt_bb_border_style_none bt_bb_top_spacing_small bt_bb_bottom_spacing_small\" data-bt-override-class=\"null\"><\/div><\/div><\/div><\/div><\/div><\/div><\/div><\/div><\/section><section data-bb-version=\"4.5.5\" id=\"bt_bb_section69eefd6b9c6c7\"  class=\"bt_bb_section bt_bb_layout_boxed_1200\" ><div class=\"bt_bb_port\"><div class=\"bt_bb_cell\"><div class=\"bt_bb_cell_inner\"><div class=\"bt_bb_row \"  data-bt-override-class=\"{}\"><div class=\"bt_bb_row_holder\" ><div data-bb-version=\"4.5.5\"  class=\"bt_bb_column col-xxl-12 col-xl-12 bt_bb_vertical_align_top bt_bb_align_left bt_bb_padding_normal\"  data-width=\"12\" data-bt-override-class=\"{}\"><div class=\"bt_bb_column_content\"><div data-bb-version=\"4.5.5\" class=\"bt_bb_separator bt_bb_border_style_none bt_bb_top_spacing_small bt_bb_bottom_spacing_small\" data-bt-override-class=\"{&quot;bt_bb_top_spacing_&quot;:{&quot;current_class&quot;:&quot;bt_bb_top_spacing_small&quot;,&quot;def&quot;:&quot;small&quot;},&quot;bt_bb_bottom_spacing_&quot;:{&quot;current_class&quot;:&quot;bt_bb_bottom_spacing_small&quot;,&quot;def&quot;:&quot;small&quot;}}\"><\/div><div data-bb-version=\"4.5.6\" class=\"bt_bb_image bt_bb_shape_square bt_bb_target_self bt_bb_align_inherit bt_bb_hover_style_simple bt_bb_content_display_always bt_bb_content_align_middle bt_bb_fill_background_color_full\" data-bt-override-class=\"{&quot;bt_bb_align_&quot;:{&quot;current_class&quot;:&quot;bt_bb_align_inherit&quot;,&quot;def&quot;:&quot;inherit&quot;}}\"><span><img decoding=\"async\" width=\"1920\" height=\"1080\" src=\"https:\/\/veronalamiere.it\/wp-content\/uploads\/2023\/05\/Verona-Lamiere-Benedizione-Statua.jpg\" class=\"attachment-full size-full\" alt=\"Statue de b\u00e9n\u00e9diction en t\u00f4le de V\u00e9rone\" data-full_image_src=\"https:\/\/veronalamiere.it\/wp-content\/uploads\/2023\/05\/Verona-Lamiere-Benedizione-Statua.jpg\" title=\"Verona Sheet Metal-Statue\" srcset=\"https:\/\/veronalamiere.it\/wp-content\/uploads\/2023\/05\/Verona-Lamiere-Benedizione-Statua.jpg 1920w, https:\/\/veronalamiere.it\/wp-content\/uploads\/2023\/05\/Verona-Lamiere-Benedizione-Statua-640x360.jpg 640w, https:\/\/veronalamiere.it\/wp-content\/uploads\/2023\/05\/Verona-Lamiere-Benedizione-Statua-1280x720.jpg 1280w, https:\/\/veronalamiere.it\/wp-content\/uploads\/2023\/05\/Verona-Lamiere-Benedizione-Statua-768x432.jpg 768w, https:\/\/veronalamiere.it\/wp-content\/uploads\/2023\/05\/Verona-Lamiere-Benedizione-Statua-1536x864.jpg 1536w, https:\/\/veronalamiere.it\/wp-content\/uploads\/2023\/05\/Verona-Lamiere-Benedizione-Statua-320x180.jpg 320w\" sizes=\"(max-width: 1920px) 100vw, 1920px\" \/><\/span><\/div><\/div><\/div><\/div><\/div><\/div><\/div><\/div><\/section><\/p>\n","protected":false},"excerpt":{"rendered":"","protected":false},"author":1,"featured_media":6404,"comment_status":"closed","ping_status":"closed","sticky":false,"template":"","format":"standard","meta":{"_jetpack_memberships_contains_paid_content":false,"footnotes":""},"categories":[55],"tags":[],"class_list":["post-6428","post","type-post","status-publish","format-standard","has-post-thumbnail","hentry","category-societe"],"yoast_head":"<!-- This site is optimized with the Yoast SEO plugin v27.4 - https:\/\/yoast.com\/product\/yoast-seo-wordpress\/ -->\n<title>Expansion Verona Lamiere S.p.A. - Verona Lamiere<\/title>\n<meta name=\"robots\" content=\"index, follow, max-snippet:-1, max-image-preview:large, max-video-preview:-1\" \/>\n<link rel=\"canonical\" href=\"https:\/\/veronalamiere.it\/fr\/societe\/verona-lamiera-s-p-a-expansion\/\" \/>\n<meta property=\"og:locale\" content=\"fr_FR\" \/>\n<meta property=\"og:type\" content=\"article\" \/>\n<meta property=\"og:title\" content=\"Expansion Verona Lamiere S.p.A. - Verona Lamiere\" \/>\n<meta property=\"og:url\" content=\"https:\/\/veronalamiere.it\/fr\/societe\/verona-lamiera-s-p-a-expansion\/\" \/>\n<meta property=\"og:site_name\" content=\"Verona Lamiere\" \/>\n<meta property=\"article:published_time\" content=\"2023-05-17T13:28:17+00:00\" \/>\n<meta property=\"article:modified_time\" content=\"2026-04-16T13:20:33+00:00\" \/>\n<meta property=\"og:image\" content=\"https:\/\/veronalamiere.it\/wp-content\/uploads\/2023\/05\/Verona-Lamiere-header-inaugurazione.jpg\" \/>\n\t<meta property=\"og:image:width\" content=\"1280\" \/>\n\t<meta property=\"og:image:height\" content=\"720\" \/>\n\t<meta property=\"og:image:type\" content=\"image\/jpeg\" \/>\n<meta name=\"author\" content=\"admin_veronalamiere\" \/>\n<meta name=\"twitter:card\" content=\"summary_large_image\" \/>\n<meta name=\"twitter:label1\" content=\"\u00c9crit par\" \/>\n\t<meta name=\"twitter:data1\" content=\"admin_veronalamiere\" \/>\n\t<meta name=\"twitter:label2\" content=\"Dur\u00e9e de lecture estim\u00e9e\" \/>\n\t<meta name=\"twitter:data2\" content=\"4 minutes\" \/>\n<script type=\"application\/ld+json\" class=\"yoast-schema-graph\">{\"@context\":\"https:\\\/\\\/schema.org\",\"@graph\":[{\"@type\":\"Article\",\"@id\":\"https:\\\/\\\/veronalamiere.it\\\/fr\\\/societe\\\/verona-lamiera-s-p-a-expansion\\\/#article\",\"isPartOf\":{\"@id\":\"https:\\\/\\\/veronalamiere.it\\\/fr\\\/societe\\\/verona-lamiera-s-p-a-expansion\\\/\"},\"author\":{\"name\":\"admin_veronalamiere\",\"@id\":\"https:\\\/\\\/veronalamiere.it\\\/fr\\\/#\\\/schema\\\/person\\\/54b2104d9e5cd3a85ffddac64588ff24\"},\"headline\":\"Expansion Verona Lamiere S.p.A.\",\"datePublished\":\"2023-05-17T13:28:17+00:00\",\"dateModified\":\"2026-04-16T13:20:33+00:00\",\"mainEntityOfPage\":{\"@id\":\"https:\\\/\\\/veronalamiere.it\\\/fr\\\/societe\\\/verona-lamiera-s-p-a-expansion\\\/\"},\"wordCount\":805,\"publisher\":{\"@id\":\"https:\\\/\\\/veronalamiere.it\\\/fr\\\/#organization\"},\"image\":{\"@id\":\"https:\\\/\\\/veronalamiere.it\\\/fr\\\/societe\\\/verona-lamiera-s-p-a-expansion\\\/#primaryimage\"},\"thumbnailUrl\":\"https:\\\/\\\/veronalamiere.it\\\/wp-content\\\/uploads\\\/2023\\\/05\\\/Verona-Lamiere-header-inaugurazione.jpg\",\"articleSection\":[\"Soci\u00e9t\u00e9\"],\"inLanguage\":\"fr-FR\"},{\"@type\":\"WebPage\",\"@id\":\"https:\\\/\\\/veronalamiere.it\\\/fr\\\/societe\\\/verona-lamiera-s-p-a-expansion\\\/\",\"url\":\"https:\\\/\\\/veronalamiere.it\\\/fr\\\/societe\\\/verona-lamiera-s-p-a-expansion\\\/\",\"name\":\"Expansion Verona Lamiere S.p.A. - Verona Lamiere\",\"isPartOf\":{\"@id\":\"https:\\\/\\\/veronalamiere.it\\\/fr\\\/#website\"},\"primaryImageOfPage\":{\"@id\":\"https:\\\/\\\/veronalamiere.it\\\/fr\\\/societe\\\/verona-lamiera-s-p-a-expansion\\\/#primaryimage\"},\"image\":{\"@id\":\"https:\\\/\\\/veronalamiere.it\\\/fr\\\/societe\\\/verona-lamiera-s-p-a-expansion\\\/#primaryimage\"},\"thumbnailUrl\":\"https:\\\/\\\/veronalamiere.it\\\/wp-content\\\/uploads\\\/2023\\\/05\\\/Verona-Lamiere-header-inaugurazione.jpg\",\"datePublished\":\"2023-05-17T13:28:17+00:00\",\"dateModified\":\"2026-04-16T13:20:33+00:00\",\"breadcrumb\":{\"@id\":\"https:\\\/\\\/veronalamiere.it\\\/fr\\\/societe\\\/verona-lamiera-s-p-a-expansion\\\/#breadcrumb\"},\"inLanguage\":\"fr-FR\",\"potentialAction\":[{\"@type\":\"ReadAction\",\"target\":[\"https:\\\/\\\/veronalamiere.it\\\/fr\\\/societe\\\/verona-lamiera-s-p-a-expansion\\\/\"]}]},{\"@type\":\"ImageObject\",\"inLanguage\":\"fr-FR\",\"@id\":\"https:\\\/\\\/veronalamiere.it\\\/fr\\\/societe\\\/verona-lamiera-s-p-a-expansion\\\/#primaryimage\",\"url\":\"https:\\\/\\\/veronalamiere.it\\\/wp-content\\\/uploads\\\/2023\\\/05\\\/Verona-Lamiere-header-inaugurazione.jpg\",\"contentUrl\":\"https:\\\/\\\/veronalamiere.it\\\/wp-content\\\/uploads\\\/2023\\\/05\\\/Verona-Lamiere-header-inaugurazione.jpg\",\"width\":1280,\"height\":720,\"caption\":\"Ouverture du linteau en t\u00f4le de V\u00e9rone\"},{\"@type\":\"BreadcrumbList\",\"@id\":\"https:\\\/\\\/veronalamiere.it\\\/fr\\\/societe\\\/verona-lamiera-s-p-a-expansion\\\/#breadcrumb\",\"itemListElement\":[{\"@type\":\"ListItem\",\"position\":1,\"name\":\"Home\",\"item\":\"https:\\\/\\\/veronalamiere.it\\\/fr\\\/\"},{\"@type\":\"ListItem\",\"position\":2,\"name\":\"Expansion Verona Lamiere S.p.A.\"}]},{\"@type\":\"WebSite\",\"@id\":\"https:\\\/\\\/veronalamiere.it\\\/fr\\\/#website\",\"url\":\"https:\\\/\\\/veronalamiere.it\\\/fr\\\/\",\"name\":\"Verona Lamiere\",\"description\":\"Votre partenaire dans le domaine de la t\u00f4lerie\",\"publisher\":{\"@id\":\"https:\\\/\\\/veronalamiere.it\\\/fr\\\/#organization\"},\"potentialAction\":[{\"@type\":\"SearchAction\",\"target\":{\"@type\":\"EntryPoint\",\"urlTemplate\":\"https:\\\/\\\/veronalamiere.it\\\/fr\\\/?s={search_term_string}\"},\"query-input\":{\"@type\":\"PropertyValueSpecification\",\"valueRequired\":true,\"valueName\":\"search_term_string\"}}],\"inLanguage\":\"fr-FR\"},{\"@type\":\"Organization\",\"@id\":\"https:\\\/\\\/veronalamiere.it\\\/fr\\\/#organization\",\"name\":\"Verona Lamiere\",\"url\":\"https:\\\/\\\/veronalamiere.it\\\/fr\\\/\",\"logo\":{\"@type\":\"ImageObject\",\"inLanguage\":\"fr-FR\",\"@id\":\"https:\\\/\\\/veronalamiere.it\\\/fr\\\/#\\\/schema\\\/logo\\\/image\\\/\",\"url\":\"https:\\\/\\\/veronalamiere.it\\\/wp-content\\\/uploads\\\/2025\\\/06\\\/vrlamiere_logo_black.png\",\"contentUrl\":\"https:\\\/\\\/veronalamiere.it\\\/wp-content\\\/uploads\\\/2025\\\/06\\\/vrlamiere_logo_black.png\",\"width\":1452,\"height\":229,\"caption\":\"Verona Lamiere\"},\"image\":{\"@id\":\"https:\\\/\\\/veronalamiere.it\\\/fr\\\/#\\\/schema\\\/logo\\\/image\\\/\"},\"sameAs\":[\"https:\\\/\\\/www.linkedin.com\\\/company\\\/verona-lamiere-s-p-a-\"]},{\"@type\":\"Person\",\"@id\":\"https:\\\/\\\/veronalamiere.it\\\/fr\\\/#\\\/schema\\\/person\\\/54b2104d9e5cd3a85ffddac64588ff24\",\"name\":\"admin_veronalamiere\",\"image\":{\"@type\":\"ImageObject\",\"inLanguage\":\"fr-FR\",\"@id\":\"https:\\\/\\\/veronalamiere.it\\\/wp-content\\\/litespeed\\\/avatar\\\/bc30abcb812759a31ca2d46e81024707.jpg?ver=1776777855\",\"url\":\"https:\\\/\\\/veronalamiere.it\\\/wp-content\\\/litespeed\\\/avatar\\\/bc30abcb812759a31ca2d46e81024707.jpg?ver=1776777855\",\"contentUrl\":\"https:\\\/\\\/veronalamiere.it\\\/wp-content\\\/litespeed\\\/avatar\\\/bc30abcb812759a31ca2d46e81024707.jpg?ver=1776777855\",\"caption\":\"admin_veronalamiere\"},\"url\":\"https:\\\/\\\/veronalamiere.it\\\/fr\\\/author\\\/admin_veronalamiere\\\/\"}]}<\/script>\n<!-- \/ Yoast SEO plugin. -->","yoast_head_json":{"title":"Expansion Verona Lamiere S.p.A. - Verona Lamiere","robots":{"index":"index","follow":"follow","max-snippet":"max-snippet:-1","max-image-preview":"max-image-preview:large","max-video-preview":"max-video-preview:-1"},"canonical":"https:\/\/veronalamiere.it\/fr\/societe\/verona-lamiera-s-p-a-expansion\/","og_locale":"fr_FR","og_type":"article","og_title":"Expansion Verona Lamiere S.p.A. - Verona Lamiere","og_url":"https:\/\/veronalamiere.it\/fr\/societe\/verona-lamiera-s-p-a-expansion\/","og_site_name":"Verona Lamiere","article_published_time":"2023-05-17T13:28:17+00:00","article_modified_time":"2026-04-16T13:20:33+00:00","og_image":[{"width":1280,"height":720,"url":"https:\/\/veronalamiere.it\/wp-content\/uploads\/2023\/05\/Verona-Lamiere-header-inaugurazione.jpg","type":"image\/jpeg"}],"author":"admin_veronalamiere","twitter_card":"summary_large_image","twitter_misc":{"\u00c9crit par":"admin_veronalamiere","Dur\u00e9e de lecture estim\u00e9e":"4 minutes"},"schema":{"@context":"https:\/\/schema.org","@graph":[{"@type":"Article","@id":"https:\/\/veronalamiere.it\/fr\/societe\/verona-lamiera-s-p-a-expansion\/#article","isPartOf":{"@id":"https:\/\/veronalamiere.it\/fr\/societe\/verona-lamiera-s-p-a-expansion\/"},"author":{"name":"admin_veronalamiere","@id":"https:\/\/veronalamiere.it\/fr\/#\/schema\/person\/54b2104d9e5cd3a85ffddac64588ff24"},"headline":"Expansion Verona Lamiere S.p.A.","datePublished":"2023-05-17T13:28:17+00:00","dateModified":"2026-04-16T13:20:33+00:00","mainEntityOfPage":{"@id":"https:\/\/veronalamiere.it\/fr\/societe\/verona-lamiera-s-p-a-expansion\/"},"wordCount":805,"publisher":{"@id":"https:\/\/veronalamiere.it\/fr\/#organization"},"image":{"@id":"https:\/\/veronalamiere.it\/fr\/societe\/verona-lamiera-s-p-a-expansion\/#primaryimage"},"thumbnailUrl":"https:\/\/veronalamiere.it\/wp-content\/uploads\/2023\/05\/Verona-Lamiere-header-inaugurazione.jpg","articleSection":["Soci\u00e9t\u00e9"],"inLanguage":"fr-FR"},{"@type":"WebPage","@id":"https:\/\/veronalamiere.it\/fr\/societe\/verona-lamiera-s-p-a-expansion\/","url":"https:\/\/veronalamiere.it\/fr\/societe\/verona-lamiera-s-p-a-expansion\/","name":"Expansion Verona Lamiere S.p.A. - Verona Lamiere","isPartOf":{"@id":"https:\/\/veronalamiere.it\/fr\/#website"},"primaryImageOfPage":{"@id":"https:\/\/veronalamiere.it\/fr\/societe\/verona-lamiera-s-p-a-expansion\/#primaryimage"},"image":{"@id":"https:\/\/veronalamiere.it\/fr\/societe\/verona-lamiera-s-p-a-expansion\/#primaryimage"},"thumbnailUrl":"https:\/\/veronalamiere.it\/wp-content\/uploads\/2023\/05\/Verona-Lamiere-header-inaugurazione.jpg","datePublished":"2023-05-17T13:28:17+00:00","dateModified":"2026-04-16T13:20:33+00:00","breadcrumb":{"@id":"https:\/\/veronalamiere.it\/fr\/societe\/verona-lamiera-s-p-a-expansion\/#breadcrumb"},"inLanguage":"fr-FR","potentialAction":[{"@type":"ReadAction","target":["https:\/\/veronalamiere.it\/fr\/societe\/verona-lamiera-s-p-a-expansion\/"]}]},{"@type":"ImageObject","inLanguage":"fr-FR","@id":"https:\/\/veronalamiere.it\/fr\/societe\/verona-lamiera-s-p-a-expansion\/#primaryimage","url":"https:\/\/veronalamiere.it\/wp-content\/uploads\/2023\/05\/Verona-Lamiere-header-inaugurazione.jpg","contentUrl":"https:\/\/veronalamiere.it\/wp-content\/uploads\/2023\/05\/Verona-Lamiere-header-inaugurazione.jpg","width":1280,"height":720,"caption":"Ouverture du linteau en t\u00f4le de V\u00e9rone"},{"@type":"BreadcrumbList","@id":"https:\/\/veronalamiere.it\/fr\/societe\/verona-lamiera-s-p-a-expansion\/#breadcrumb","itemListElement":[{"@type":"ListItem","position":1,"name":"Home","item":"https:\/\/veronalamiere.it\/fr\/"},{"@type":"ListItem","position":2,"name":"Expansion Verona Lamiere S.p.A."}]},{"@type":"WebSite","@id":"https:\/\/veronalamiere.it\/fr\/#website","url":"https:\/\/veronalamiere.it\/fr\/","name":"Verona Lamiere","description":"Votre partenaire dans le domaine de la t\u00f4lerie","publisher":{"@id":"https:\/\/veronalamiere.it\/fr\/#organization"},"potentialAction":[{"@type":"SearchAction","target":{"@type":"EntryPoint","urlTemplate":"https:\/\/veronalamiere.it\/fr\/?s={search_term_string}"},"query-input":{"@type":"PropertyValueSpecification","valueRequired":true,"valueName":"search_term_string"}}],"inLanguage":"fr-FR"},{"@type":"Organization","@id":"https:\/\/veronalamiere.it\/fr\/#organization","name":"Verona Lamiere","url":"https:\/\/veronalamiere.it\/fr\/","logo":{"@type":"ImageObject","inLanguage":"fr-FR","@id":"https:\/\/veronalamiere.it\/fr\/#\/schema\/logo\/image\/","url":"https:\/\/veronalamiere.it\/wp-content\/uploads\/2025\/06\/vrlamiere_logo_black.png","contentUrl":"https:\/\/veronalamiere.it\/wp-content\/uploads\/2025\/06\/vrlamiere_logo_black.png","width":1452,"height":229,"caption":"Verona Lamiere"},"image":{"@id":"https:\/\/veronalamiere.it\/fr\/#\/schema\/logo\/image\/"},"sameAs":["https:\/\/www.linkedin.com\/company\/verona-lamiere-s-p-a-"]},{"@type":"Person","@id":"https:\/\/veronalamiere.it\/fr\/#\/schema\/person\/54b2104d9e5cd3a85ffddac64588ff24","name":"admin_veronalamiere","image":{"@type":"ImageObject","inLanguage":"fr-FR","@id":"https:\/\/veronalamiere.it\/wp-content\/litespeed\/avatar\/bc30abcb812759a31ca2d46e81024707.jpg?ver=1776777855","url":"https:\/\/veronalamiere.it\/wp-content\/litespeed\/avatar\/bc30abcb812759a31ca2d46e81024707.jpg?ver=1776777855","contentUrl":"https:\/\/veronalamiere.it\/wp-content\/litespeed\/avatar\/bc30abcb812759a31ca2d46e81024707.jpg?ver=1776777855","caption":"admin_veronalamiere"},"url":"https:\/\/veronalamiere.it\/fr\/author\/admin_veronalamiere\/"}]}},"jetpack_featured_media_url":"https:\/\/veronalamiere.it\/wp-content\/uploads\/2023\/05\/Verona-Lamiere-header-inaugurazione.jpg","jetpack_sharing_enabled":true,"_links":{"self":[{"href":"https:\/\/veronalamiere.it\/fr\/wp-json\/wp\/v2\/posts\/6428","targetHints":{"allow":["GET"]}}],"collection":[{"href":"https:\/\/veronalamiere.it\/fr\/wp-json\/wp\/v2\/posts"}],"about":[{"href":"https:\/\/veronalamiere.it\/fr\/wp-json\/wp\/v2\/types\/post"}],"author":[{"embeddable":true,"href":"https:\/\/veronalamiere.it\/fr\/wp-json\/wp\/v2\/users\/1"}],"replies":[{"embeddable":true,"href":"https:\/\/veronalamiere.it\/fr\/wp-json\/wp\/v2\/comments?post=6428"}],"version-history":[{"count":10,"href":"https:\/\/veronalamiere.it\/fr\/wp-json\/wp\/v2\/posts\/6428\/revisions"}],"predecessor-version":[{"id":9625,"href":"https:\/\/veronalamiere.it\/fr\/wp-json\/wp\/v2\/posts\/6428\/revisions\/9625"}],"wp:featuredmedia":[{"embeddable":true,"href":"https:\/\/veronalamiere.it\/fr\/wp-json\/wp\/v2\/media\/6404"}],"wp:attachment":[{"href":"https:\/\/veronalamiere.it\/fr\/wp-json\/wp\/v2\/media?parent=6428"}],"wp:term":[{"taxonomy":"category","embeddable":true,"href":"https:\/\/veronalamiere.it\/fr\/wp-json\/wp\/v2\/categories?post=6428"},{"taxonomy":"post_tag","embeddable":true,"href":"https:\/\/veronalamiere.it\/fr\/wp-json\/wp\/v2\/tags?post=6428"}],"curies":[{"name":"wp","href":"https:\/\/api.w.org\/{rel}","templated":true}]}}