{"id":6658,"date":"2023-09-07T10:43:26","date_gmt":"2023-09-07T10:43:26","guid":{"rendered":"https:\/\/veronalamiere.it\/?p=6658"},"modified":"2026-04-16T13:22:14","modified_gmt":"2026-04-16T13:22:14","slug":"verona-lamiere-renews-iso-450012008","status":"publish","type":"post","link":"https:\/\/veronalamiere.it\/fr\/societe\/verona-lamiere-renews-iso-450012008\/","title":{"rendered":"Verona Lamiere renouvelle sa certification ISO 45001:2008"},"content":{"rendered":"<p><section id=\"bt_bb_section69ef36928e337\"  class=\"bt_bb_section bt_bb_layout_boxed_1200\" ><div class=\"bt_bb_port\"><div class=\"bt_bb_cell\"><div class=\"bt_bb_cell_inner\"><div class=\"bt_bb_row \"  data-bt-override-class=\"{}\"><div class=\"bt_bb_row_holder\" ><div  class=\"bt_bb_column col-xxl-6 col-xl-6 bt_bb_vertical_align_top bt_bb_align_left bt_bb_padding_normal\"  data-width=\"6\" data-bt-override-class=\"{}\"><div class=\"bt_bb_column_content\"><div  class=\"bt_bb_text\" ><\/p>\n<p>La norme UNI ISO 45001 \u00ab\u00a0Syst\u00e8mes de gestion pour la sant\u00e9 et la s\u00e9curit\u00e9 au travail\u00a0\u00bb d\u00e9finit des normes minimales de bonnes pratiques pour la protection des travailleurs dans le monde entier.<\/p>\n<p>Une norme fondamentale dans la gestion de la s\u00e9curit\u00e9 dans une entreprise, car elle permet une r\u00e9duction significative des co\u00fbts gr\u00e2ce \u00e0 la r\u00e9duction du risque d&rsquo;accidents, de blessures et de maladies li\u00e9es au travail.<\/p>\n<p>Un nouveau jalon qui confirme que les activit\u00e9s de Verona Lamiere sont conformes aux exigences de la norme ISO.<\/p>\n<p>\n<\/div><div class=\"bt_bb_separator bt_bb_border_style_none bt_bb_top_spacing_small bt_bb_bottom_spacing_small\" data-bt-override-class=\"null\"><\/div><\/div><\/div><div  class=\"bt_bb_column col-xxl-6 col-xl-6 bt_bb_vertical_align_top bt_bb_align_left bt_bb_padding_normal\"  data-width=\"6\" data-bt-override-class=\"{}\"><div class=\"bt_bb_column_content\"><div data-bb-version=\"4.6.1\" class=\"bt_bb_image bt_bb_shape_square bt_bb_target_self bt_bb_align_right bt_bb_hover_style_simple bt_bb_content_display_always bt_bb_content_align_middle bt_bb_fill_background_color_full\" data-bt-override-class=\"{&quot;bt_bb_align_&quot;:{&quot;current_class&quot;:&quot;bt_bb_align_right&quot;,&quot;def&quot;:&quot;right&quot;}}\"><span><img decoding=\"async\" width=\"600\" height=\"400\" src=\"https:\/\/veronalamiere.it\/wp-content\/uploads\/2023\/09\/Verona-Lamiere-certificazione-iso-45001.jpg\" class=\"attachment-boldthemes_medium size-boldthemes_medium\" alt=\"V\u00e9rone-T\u00f4le d&#039;acier-iso-45001\" data-full_image_src=\"https:\/\/veronalamiere.it\/wp-content\/uploads\/2023\/09\/Verona-Lamiere-certificazione-iso-45001.jpg\" title=\"Verona-foil-iso-certification-45001\" srcset=\"https:\/\/veronalamiere.it\/wp-content\/uploads\/2023\/09\/Verona-Lamiere-certificazione-iso-45001.jpg 600w, https:\/\/veronalamiere.it\/wp-content\/uploads\/2023\/09\/Verona-Lamiere-certificazione-iso-45001-320x213.jpg 320w\" sizes=\"(max-width: 600px) 100vw, 600px\" \/><\/span><\/div><div class=\"bt_bb_separator bt_bb_border_style_none bt_bb_top_spacing_small bt_bb_bottom_spacing_small\" data-bt-override-class=\"null\"><\/div><\/div><\/div><\/div><\/div><\/div><\/div><\/div><\/section><section data-bb-version=\"4.5.9\" id=\"bt_bb_section69ef36928ea73\"  class=\"bt_bb_section bt_bb_layout_boxed_1200\" ><div class=\"bt_bb_port\"><div class=\"bt_bb_cell\"><div class=\"bt_bb_cell_inner\"><div class=\"bt_bb_row \"  data-bt-override-class=\"{}\"><div class=\"bt_bb_row_holder\" ><div data-bb-version=\"4.5.9\"  class=\"bt_bb_column col-xxl-12 col-xl-12 bt_bb_vertical_align_top bt_bb_align_left bt_bb_padding_normal\"  data-width=\"12\" data-bt-override-class=\"{}\"><div class=\"bt_bb_column_content\"><div data-bb-version=\"4.6.1\" class=\"bt_bb_image bt_bb_shape_square bt_bb_target_self bt_bb_align_inherit bt_bb_hover_style_simple bt_bb_content_display_always bt_bb_content_align_middle bt_bb_fill_background_color_full\" data-bt-override-class=\"{&quot;bt_bb_align_&quot;:{&quot;current_class&quot;:&quot;bt_bb_align_inherit&quot;,&quot;def&quot;:&quot;inherit&quot;}}\"><span><img decoding=\"async\" width=\"2335\" height=\"811\" src=\"https:\/\/veronalamiere.it\/wp-content\/uploads\/2023\/07\/Verona-Lamiere-certificazione-iso-45001-2.jpg\" class=\"attachment-full size-full\" alt=\"Verona-foil-certification-iso-45001-2\" data-full_image_src=\"https:\/\/veronalamiere.it\/wp-content\/uploads\/2023\/07\/Verona-Lamiere-certificazione-iso-45001-2.jpg\" title=\"Verona-foil-certification-iso-45001-2\" srcset=\"https:\/\/veronalamiere.it\/wp-content\/uploads\/2023\/07\/Verona-Lamiere-certificazione-iso-45001-2.jpg 2335w, https:\/\/veronalamiere.it\/wp-content\/uploads\/2023\/07\/Verona-Lamiere-certificazione-iso-45001-2-640x222.jpg 640w, https:\/\/veronalamiere.it\/wp-content\/uploads\/2023\/07\/Verona-Lamiere-certificazione-iso-45001-2-1280x445.jpg 1280w, https:\/\/veronalamiere.it\/wp-content\/uploads\/2023\/07\/Verona-Lamiere-certificazione-iso-45001-2-768x267.jpg 768w, https:\/\/veronalamiere.it\/wp-content\/uploads\/2023\/07\/Verona-Lamiere-certificazione-iso-45001-2-1536x533.jpg 1536w, https:\/\/veronalamiere.it\/wp-content\/uploads\/2023\/07\/Verona-Lamiere-certificazione-iso-45001-2-2048x711.jpg 2048w, https:\/\/veronalamiere.it\/wp-content\/uploads\/2023\/07\/Verona-Lamiere-certificazione-iso-45001-2-320x111.jpg 320w\" sizes=\"(max-width: 2335px) 100vw, 2335px\" \/><\/span><\/div><\/div><\/div><\/div><\/div><\/div><\/div><\/div><\/section><\/p>\n","protected":false},"excerpt":{"rendered":"","protected":false},"author":1,"featured_media":6653,"comment_status":"closed","ping_status":"closed","sticky":false,"template":"","format":"standard","meta":{"_jetpack_memberships_contains_paid_content":false,"footnotes":""},"categories":[55],"tags":[],"class_list":["post-6658","post","type-post","status-publish","format-standard","has-post-thumbnail","hentry","category-societe"],"yoast_head":"<!-- This site is optimized with the Yoast SEO plugin v27.4 - https:\/\/yoast.com\/product\/yoast-seo-wordpress\/ -->\n<title>Verona Lamiere renouvelle sa certification ISO 45001:2008 - Verona Lamiere<\/title>\n<meta name=\"robots\" content=\"index, follow, max-snippet:-1, max-image-preview:large, max-video-preview:-1\" \/>\n<link rel=\"canonical\" href=\"https:\/\/veronalamiere.it\/fr\/societe\/verona-lamiere-renews-iso-450012008\/\" \/>\n<meta property=\"og:locale\" content=\"fr_FR\" \/>\n<meta property=\"og:type\" content=\"article\" \/>\n<meta property=\"og:title\" content=\"Verona Lamiere renouvelle sa certification ISO 45001:2008 - Verona Lamiere\" \/>\n<meta property=\"og:url\" content=\"https:\/\/veronalamiere.it\/fr\/societe\/verona-lamiere-renews-iso-450012008\/\" \/>\n<meta property=\"og:site_name\" content=\"Verona Lamiere\" \/>\n<meta property=\"article:published_time\" content=\"2023-09-07T10:43:26+00:00\" \/>\n<meta property=\"article:modified_time\" content=\"2026-04-16T13:22:14+00:00\" \/>\n<meta property=\"og:image\" content=\"https:\/\/veronalamiere.it\/wp-content\/uploads\/2023\/07\/Verona-Lamiere-header-certificazione-45001-Head.jpg\" \/>\n\t<meta property=\"og:image:width\" content=\"1280\" \/>\n\t<meta property=\"og:image:height\" content=\"720\" \/>\n\t<meta property=\"og:image:type\" content=\"image\/jpeg\" \/>\n<meta name=\"author\" content=\"admin_veronalamiere\" \/>\n<meta name=\"twitter:card\" content=\"summary_large_image\" \/>\n<meta name=\"twitter:label1\" content=\"\u00c9crit par\" \/>\n\t<meta name=\"twitter:data1\" content=\"admin_veronalamiere\" \/>\n\t<meta name=\"twitter:label2\" content=\"Dur\u00e9e de lecture estim\u00e9e\" \/>\n\t<meta name=\"twitter:data2\" content=\"2 minutes\" \/>\n<script type=\"application\/ld+json\" class=\"yoast-schema-graph\">{\"@context\":\"https:\\\/\\\/schema.org\",\"@graph\":[{\"@type\":\"Article\",\"@id\":\"https:\\\/\\\/veronalamiere.it\\\/fr\\\/societe\\\/verona-lamiere-renews-iso-450012008\\\/#article\",\"isPartOf\":{\"@id\":\"https:\\\/\\\/veronalamiere.it\\\/fr\\\/societe\\\/verona-lamiere-renews-iso-450012008\\\/\"},\"author\":{\"name\":\"admin_veronalamiere\",\"@id\":\"https:\\\/\\\/veronalamiere.it\\\/fr\\\/#\\\/schema\\\/person\\\/54b2104d9e5cd3a85ffddac64588ff24\"},\"headline\":\"Verona Lamiere renouvelle sa certification ISO 45001:2008\",\"datePublished\":\"2023-09-07T10:43:26+00:00\",\"dateModified\":\"2026-04-16T13:22:14+00:00\",\"mainEntityOfPage\":{\"@id\":\"https:\\\/\\\/veronalamiere.it\\\/fr\\\/societe\\\/verona-lamiere-renews-iso-450012008\\\/\"},\"wordCount\":383,\"publisher\":{\"@id\":\"https:\\\/\\\/veronalamiere.it\\\/fr\\\/#organization\"},\"image\":{\"@id\":\"https:\\\/\\\/veronalamiere.it\\\/fr\\\/societe\\\/verona-lamiere-renews-iso-450012008\\\/#primaryimage\"},\"thumbnailUrl\":\"https:\\\/\\\/veronalamiere.it\\\/wp-content\\\/uploads\\\/2023\\\/07\\\/Verona-Lamiere-header-certificazione-45001-Head.jpg\",\"articleSection\":[\"Soci\u00e9t\u00e9\"],\"inLanguage\":\"fr-FR\"},{\"@type\":\"WebPage\",\"@id\":\"https:\\\/\\\/veronalamiere.it\\\/fr\\\/societe\\\/verona-lamiere-renews-iso-450012008\\\/\",\"url\":\"https:\\\/\\\/veronalamiere.it\\\/fr\\\/societe\\\/verona-lamiere-renews-iso-450012008\\\/\",\"name\":\"Verona Lamiere renouvelle sa certification ISO 45001:2008 - Verona Lamiere\",\"isPartOf\":{\"@id\":\"https:\\\/\\\/veronalamiere.it\\\/fr\\\/#website\"},\"primaryImageOfPage\":{\"@id\":\"https:\\\/\\\/veronalamiere.it\\\/fr\\\/societe\\\/verona-lamiere-renews-iso-450012008\\\/#primaryimage\"},\"image\":{\"@id\":\"https:\\\/\\\/veronalamiere.it\\\/fr\\\/societe\\\/verona-lamiere-renews-iso-450012008\\\/#primaryimage\"},\"thumbnailUrl\":\"https:\\\/\\\/veronalamiere.it\\\/wp-content\\\/uploads\\\/2023\\\/07\\\/Verona-Lamiere-header-certificazione-45001-Head.jpg\",\"datePublished\":\"2023-09-07T10:43:26+00:00\",\"dateModified\":\"2026-04-16T13:22:14+00:00\",\"breadcrumb\":{\"@id\":\"https:\\\/\\\/veronalamiere.it\\\/fr\\\/societe\\\/verona-lamiere-renews-iso-450012008\\\/#breadcrumb\"},\"inLanguage\":\"fr-FR\",\"potentialAction\":[{\"@type\":\"ReadAction\",\"target\":[\"https:\\\/\\\/veronalamiere.it\\\/fr\\\/societe\\\/verona-lamiere-renews-iso-450012008\\\/\"]}]},{\"@type\":\"ImageObject\",\"inLanguage\":\"fr-FR\",\"@id\":\"https:\\\/\\\/veronalamiere.it\\\/fr\\\/societe\\\/verona-lamiere-renews-iso-450012008\\\/#primaryimage\",\"url\":\"https:\\\/\\\/veronalamiere.it\\\/wp-content\\\/uploads\\\/2023\\\/07\\\/Verona-Lamiere-header-certificazione-45001-Head.jpg\",\"contentUrl\":\"https:\\\/\\\/veronalamiere.it\\\/wp-content\\\/uploads\\\/2023\\\/07\\\/Verona-Lamiere-header-certificazione-45001-Head.jpg\",\"width\":1280,\"height\":720,\"caption\":\"Verona- sheet-header-certification-45001-Head\"},{\"@type\":\"BreadcrumbList\",\"@id\":\"https:\\\/\\\/veronalamiere.it\\\/fr\\\/societe\\\/verona-lamiere-renews-iso-450012008\\\/#breadcrumb\",\"itemListElement\":[{\"@type\":\"ListItem\",\"position\":1,\"name\":\"Home\",\"item\":\"https:\\\/\\\/veronalamiere.it\\\/fr\\\/\"},{\"@type\":\"ListItem\",\"position\":2,\"name\":\"Verona Lamiere renouvelle sa certification ISO 45001:2008\"}]},{\"@type\":\"WebSite\",\"@id\":\"https:\\\/\\\/veronalamiere.it\\\/fr\\\/#website\",\"url\":\"https:\\\/\\\/veronalamiere.it\\\/fr\\\/\",\"name\":\"Verona Lamiere\",\"description\":\"Votre partenaire dans le domaine de la t\u00f4lerie\",\"publisher\":{\"@id\":\"https:\\\/\\\/veronalamiere.it\\\/fr\\\/#organization\"},\"potentialAction\":[{\"@type\":\"SearchAction\",\"target\":{\"@type\":\"EntryPoint\",\"urlTemplate\":\"https:\\\/\\\/veronalamiere.it\\\/fr\\\/?s={search_term_string}\"},\"query-input\":{\"@type\":\"PropertyValueSpecification\",\"valueRequired\":true,\"valueName\":\"search_term_string\"}}],\"inLanguage\":\"fr-FR\"},{\"@type\":\"Organization\",\"@id\":\"https:\\\/\\\/veronalamiere.it\\\/fr\\\/#organization\",\"name\":\"Verona Lamiere\",\"url\":\"https:\\\/\\\/veronalamiere.it\\\/fr\\\/\",\"logo\":{\"@type\":\"ImageObject\",\"inLanguage\":\"fr-FR\",\"@id\":\"https:\\\/\\\/veronalamiere.it\\\/fr\\\/#\\\/schema\\\/logo\\\/image\\\/\",\"url\":\"https:\\\/\\\/veronalamiere.it\\\/wp-content\\\/uploads\\\/2025\\\/06\\\/vrlamiere_logo_black.png\",\"contentUrl\":\"https:\\\/\\\/veronalamiere.it\\\/wp-content\\\/uploads\\\/2025\\\/06\\\/vrlamiere_logo_black.png\",\"width\":1452,\"height\":229,\"caption\":\"Verona Lamiere\"},\"image\":{\"@id\":\"https:\\\/\\\/veronalamiere.it\\\/fr\\\/#\\\/schema\\\/logo\\\/image\\\/\"},\"sameAs\":[\"https:\\\/\\\/www.linkedin.com\\\/company\\\/verona-lamiere-s-p-a-\"]},{\"@type\":\"Person\",\"@id\":\"https:\\\/\\\/veronalamiere.it\\\/fr\\\/#\\\/schema\\\/person\\\/54b2104d9e5cd3a85ffddac64588ff24\",\"name\":\"admin_veronalamiere\",\"image\":{\"@type\":\"ImageObject\",\"inLanguage\":\"fr-FR\",\"@id\":\"https:\\\/\\\/veronalamiere.it\\\/wp-content\\\/litespeed\\\/avatar\\\/bc30abcb812759a31ca2d46e81024707.jpg?ver=1776777855\",\"url\":\"https:\\\/\\\/veronalamiere.it\\\/wp-content\\\/litespeed\\\/avatar\\\/bc30abcb812759a31ca2d46e81024707.jpg?ver=1776777855\",\"contentUrl\":\"https:\\\/\\\/veronalamiere.it\\\/wp-content\\\/litespeed\\\/avatar\\\/bc30abcb812759a31ca2d46e81024707.jpg?ver=1776777855\",\"caption\":\"admin_veronalamiere\"},\"url\":\"https:\\\/\\\/veronalamiere.it\\\/fr\\\/author\\\/admin_veronalamiere\\\/\"}]}<\/script>\n<!-- \/ Yoast SEO plugin. -->","yoast_head_json":{"title":"Verona Lamiere renouvelle sa certification ISO 45001:2008 - Verona Lamiere","robots":{"index":"index","follow":"follow","max-snippet":"max-snippet:-1","max-image-preview":"max-image-preview:large","max-video-preview":"max-video-preview:-1"},"canonical":"https:\/\/veronalamiere.it\/fr\/societe\/verona-lamiere-renews-iso-450012008\/","og_locale":"fr_FR","og_type":"article","og_title":"Verona Lamiere renouvelle sa certification ISO 45001:2008 - Verona Lamiere","og_url":"https:\/\/veronalamiere.it\/fr\/societe\/verona-lamiere-renews-iso-450012008\/","og_site_name":"Verona Lamiere","article_published_time":"2023-09-07T10:43:26+00:00","article_modified_time":"2026-04-16T13:22:14+00:00","og_image":[{"width":1280,"height":720,"url":"https:\/\/veronalamiere.it\/wp-content\/uploads\/2023\/07\/Verona-Lamiere-header-certificazione-45001-Head.jpg","type":"image\/jpeg"}],"author":"admin_veronalamiere","twitter_card":"summary_large_image","twitter_misc":{"\u00c9crit par":"admin_veronalamiere","Dur\u00e9e de lecture estim\u00e9e":"2 minutes"},"schema":{"@context":"https:\/\/schema.org","@graph":[{"@type":"Article","@id":"https:\/\/veronalamiere.it\/fr\/societe\/verona-lamiere-renews-iso-450012008\/#article","isPartOf":{"@id":"https:\/\/veronalamiere.it\/fr\/societe\/verona-lamiere-renews-iso-450012008\/"},"author":{"name":"admin_veronalamiere","@id":"https:\/\/veronalamiere.it\/fr\/#\/schema\/person\/54b2104d9e5cd3a85ffddac64588ff24"},"headline":"Verona Lamiere renouvelle sa certification ISO 45001:2008","datePublished":"2023-09-07T10:43:26+00:00","dateModified":"2026-04-16T13:22:14+00:00","mainEntityOfPage":{"@id":"https:\/\/veronalamiere.it\/fr\/societe\/verona-lamiere-renews-iso-450012008\/"},"wordCount":383,"publisher":{"@id":"https:\/\/veronalamiere.it\/fr\/#organization"},"image":{"@id":"https:\/\/veronalamiere.it\/fr\/societe\/verona-lamiere-renews-iso-450012008\/#primaryimage"},"thumbnailUrl":"https:\/\/veronalamiere.it\/wp-content\/uploads\/2023\/07\/Verona-Lamiere-header-certificazione-45001-Head.jpg","articleSection":["Soci\u00e9t\u00e9"],"inLanguage":"fr-FR"},{"@type":"WebPage","@id":"https:\/\/veronalamiere.it\/fr\/societe\/verona-lamiere-renews-iso-450012008\/","url":"https:\/\/veronalamiere.it\/fr\/societe\/verona-lamiere-renews-iso-450012008\/","name":"Verona Lamiere renouvelle sa certification ISO 45001:2008 - Verona Lamiere","isPartOf":{"@id":"https:\/\/veronalamiere.it\/fr\/#website"},"primaryImageOfPage":{"@id":"https:\/\/veronalamiere.it\/fr\/societe\/verona-lamiere-renews-iso-450012008\/#primaryimage"},"image":{"@id":"https:\/\/veronalamiere.it\/fr\/societe\/verona-lamiere-renews-iso-450012008\/#primaryimage"},"thumbnailUrl":"https:\/\/veronalamiere.it\/wp-content\/uploads\/2023\/07\/Verona-Lamiere-header-certificazione-45001-Head.jpg","datePublished":"2023-09-07T10:43:26+00:00","dateModified":"2026-04-16T13:22:14+00:00","breadcrumb":{"@id":"https:\/\/veronalamiere.it\/fr\/societe\/verona-lamiere-renews-iso-450012008\/#breadcrumb"},"inLanguage":"fr-FR","potentialAction":[{"@type":"ReadAction","target":["https:\/\/veronalamiere.it\/fr\/societe\/verona-lamiere-renews-iso-450012008\/"]}]},{"@type":"ImageObject","inLanguage":"fr-FR","@id":"https:\/\/veronalamiere.it\/fr\/societe\/verona-lamiere-renews-iso-450012008\/#primaryimage","url":"https:\/\/veronalamiere.it\/wp-content\/uploads\/2023\/07\/Verona-Lamiere-header-certificazione-45001-Head.jpg","contentUrl":"https:\/\/veronalamiere.it\/wp-content\/uploads\/2023\/07\/Verona-Lamiere-header-certificazione-45001-Head.jpg","width":1280,"height":720,"caption":"Verona- sheet-header-certification-45001-Head"},{"@type":"BreadcrumbList","@id":"https:\/\/veronalamiere.it\/fr\/societe\/verona-lamiere-renews-iso-450012008\/#breadcrumb","itemListElement":[{"@type":"ListItem","position":1,"name":"Home","item":"https:\/\/veronalamiere.it\/fr\/"},{"@type":"ListItem","position":2,"name":"Verona Lamiere renouvelle sa certification ISO 45001:2008"}]},{"@type":"WebSite","@id":"https:\/\/veronalamiere.it\/fr\/#website","url":"https:\/\/veronalamiere.it\/fr\/","name":"Verona Lamiere","description":"Votre partenaire dans le domaine de la t\u00f4lerie","publisher":{"@id":"https:\/\/veronalamiere.it\/fr\/#organization"},"potentialAction":[{"@type":"SearchAction","target":{"@type":"EntryPoint","urlTemplate":"https:\/\/veronalamiere.it\/fr\/?s={search_term_string}"},"query-input":{"@type":"PropertyValueSpecification","valueRequired":true,"valueName":"search_term_string"}}],"inLanguage":"fr-FR"},{"@type":"Organization","@id":"https:\/\/veronalamiere.it\/fr\/#organization","name":"Verona Lamiere","url":"https:\/\/veronalamiere.it\/fr\/","logo":{"@type":"ImageObject","inLanguage":"fr-FR","@id":"https:\/\/veronalamiere.it\/fr\/#\/schema\/logo\/image\/","url":"https:\/\/veronalamiere.it\/wp-content\/uploads\/2025\/06\/vrlamiere_logo_black.png","contentUrl":"https:\/\/veronalamiere.it\/wp-content\/uploads\/2025\/06\/vrlamiere_logo_black.png","width":1452,"height":229,"caption":"Verona Lamiere"},"image":{"@id":"https:\/\/veronalamiere.it\/fr\/#\/schema\/logo\/image\/"},"sameAs":["https:\/\/www.linkedin.com\/company\/verona-lamiere-s-p-a-"]},{"@type":"Person","@id":"https:\/\/veronalamiere.it\/fr\/#\/schema\/person\/54b2104d9e5cd3a85ffddac64588ff24","name":"admin_veronalamiere","image":{"@type":"ImageObject","inLanguage":"fr-FR","@id":"https:\/\/veronalamiere.it\/wp-content\/litespeed\/avatar\/bc30abcb812759a31ca2d46e81024707.jpg?ver=1776777855","url":"https:\/\/veronalamiere.it\/wp-content\/litespeed\/avatar\/bc30abcb812759a31ca2d46e81024707.jpg?ver=1776777855","contentUrl":"https:\/\/veronalamiere.it\/wp-content\/litespeed\/avatar\/bc30abcb812759a31ca2d46e81024707.jpg?ver=1776777855","caption":"admin_veronalamiere"},"url":"https:\/\/veronalamiere.it\/fr\/author\/admin_veronalamiere\/"}]}},"jetpack_featured_media_url":"https:\/\/veronalamiere.it\/wp-content\/uploads\/2023\/07\/Verona-Lamiere-header-certificazione-45001-Head.jpg","jetpack_sharing_enabled":true,"_links":{"self":[{"href":"https:\/\/veronalamiere.it\/fr\/wp-json\/wp\/v2\/posts\/6658","targetHints":{"allow":["GET"]}}],"collection":[{"href":"https:\/\/veronalamiere.it\/fr\/wp-json\/wp\/v2\/posts"}],"about":[{"href":"https:\/\/veronalamiere.it\/fr\/wp-json\/wp\/v2\/types\/post"}],"author":[{"embeddable":true,"href":"https:\/\/veronalamiere.it\/fr\/wp-json\/wp\/v2\/users\/1"}],"replies":[{"embeddable":true,"href":"https:\/\/veronalamiere.it\/fr\/wp-json\/wp\/v2\/comments?post=6658"}],"version-history":[{"count":6,"href":"https:\/\/veronalamiere.it\/fr\/wp-json\/wp\/v2\/posts\/6658\/revisions"}],"predecessor-version":[{"id":9673,"href":"https:\/\/veronalamiere.it\/fr\/wp-json\/wp\/v2\/posts\/6658\/revisions\/9673"}],"wp:featuredmedia":[{"embeddable":true,"href":"https:\/\/veronalamiere.it\/fr\/wp-json\/wp\/v2\/media\/6653"}],"wp:attachment":[{"href":"https:\/\/veronalamiere.it\/fr\/wp-json\/wp\/v2\/media?parent=6658"}],"wp:term":[{"taxonomy":"category","embeddable":true,"href":"https:\/\/veronalamiere.it\/fr\/wp-json\/wp\/v2\/categories?post=6658"},{"taxonomy":"post_tag","embeddable":true,"href":"https:\/\/veronalamiere.it\/fr\/wp-json\/wp\/v2\/tags?post=6658"}],"curies":[{"name":"wp","href":"https:\/\/api.w.org\/{rel}","templated":true}]}}